{"id":65064,"date":"2017-08-18T11:57:27","date_gmt":"2017-08-18T10:57:27","guid":{"rendered":"http:\/\/2horizontes.com\/?p=65064"},"modified":"2017-08-18T11:57:27","modified_gmt":"2017-08-18T10:57:27","slug":"tres-espanoles-confirmados-entre-las-victimas-mortales-del-atentado-de-barcelona","status":"publish","type":"post","link":"https:\/\/2horizontes.com\/?p=65064","title":{"rendered":"Tres espa\u00f1oles, confirmados entre las v\u00edctimas mortales del atentado de Barcelona"},"content":{"rendered":"<h2 class=\"articulo-subtitulo\">Un Ayuntamiento de Granada identifica a Francisco L\u00f3pez Rodr\u00edguez, su sobrina e hijo.<\/h2>\n<p>&nbsp;<\/p>\n<p>Francisco L\u00f3pez Rodr\u00edguez, de unos 60 a\u00f1os y natural de Lanteira (Granada), es uno de los 13 fallecidos en el\u00a0atentado del jueves en Barcelona, seg\u00fan ha informado el alcalde de esa localidad. Tambi\u00e9n han fallecido una sobrina de su esposa y su hijo menor de edad, seg\u00fan el regidor. L\u00f3pez Rodr\u00edguez circulaba por La Rambla de Barcelona junto con su mujer, que es una de las heridas graves. Los forenses a\u00fan est\u00e1n practicando las pruebas de identificaci\u00f3n de los cad\u00e1veres, por lo que no se ha dado una lista oficial de v\u00edctimas.<\/p>\n<p>Seg\u00fan ha informado a Europa Press el alcalde de Lanteira, Jes\u00fas Villalba, el hombre, que hab\u00eda emigrado a Barcelona, manten\u00eda el v\u00ednculo con el pueblo, de 700 habitantes, donde estuvo en Semana Santa, y cuyo Ayuntamiento celebrar\u00e1 un pleno extraordinario este viernes en que est\u00e1 previsto que se declaren tres d\u00edas de luto oficial, que se suman al duelo nacional.<\/p>\n<p>Fuentes municipales han explicado que L\u00f3pez Rodr\u00edguez emigr\u00f3 con su familia en los a\u00f1os 60 a Catalu\u00f1a, cuando decay\u00f3 la actividad minera en la comarca del norte de la provincia de Granada, e hizo su vida all\u00ed, viviendo actualmente en Rub\u00ed, un municipio cercano a Barcelona, estando previsto, asimismo, que sus restos sean exhumados en la comunidad aut\u00f3noma catalana.<\/p>\n<p>Hasta ahora se ha confirmado la muerte de\u00a0tres ciudadanos alemanes y una belga en el atentado, sin que se hayan dado a conocer los nombres. La mayor\u00eda de las personas atropelladas en el ataque eran extranjeras, de hasta 20 nacionalidades.<\/p>\n","protected":false},"excerpt":{"rendered":"<p>Un Ayuntamiento de Granada identifica a Francisco L\u00f3pez Rodr\u00edguez, su sobrina e hijo. &nbsp; Francisco L\u00f3pez Rodr\u00edguez, de unos 60 a\u00f1os y natural de Lanteira (Granada), es uno de los 13 fallecidos en el\u00a0atentado del jueves en Barcelona, seg\u00fan ha informado el alcalde de esa localidad. Tambi\u00e9n han fallecido una sobrina de su esposa y [&hellip;]<\/p>\n","protected":false},"author":4,"featured_media":65065,"comment_status":"open","ping_status":"open","sticky":false,"template":"","format":"standard","meta":{"footnotes":""},"categories":[85],"tags":[],"class_list":["post-65064","post","type-post","status-publish","format-standard","has-post-thumbnail","hentry","category-espana"],"_links":{"self":[{"href":"https:\/\/2horizontes.com\/index.php?rest_route=\/wp\/v2\/posts\/65064","targetHints":{"allow":["GET"]}}],"collection":[{"href":"https:\/\/2horizontes.com\/index.php?rest_route=\/wp\/v2\/posts"}],"about":[{"href":"https:\/\/2horizontes.com\/index.php?rest_route=\/wp\/v2\/types\/post"}],"author":[{"embeddable":true,"href":"https:\/\/2horizontes.com\/index.php?rest_route=\/wp\/v2\/users\/4"}],"replies":[{"embeddable":true,"href":"https:\/\/2horizontes.com\/index.php?rest_route=%2Fwp%2Fv2%2Fcomments&post=65064"}],"version-history":[{"count":1,"href":"https:\/\/2horizontes.com\/index.php?rest_route=\/wp\/v2\/posts\/65064\/revisions"}],"predecessor-version":[{"id":65066,"href":"https:\/\/2horizontes.com\/index.php?rest_route=\/wp\/v2\/posts\/65064\/revisions\/65066"}],"wp:featuredmedia":[{"embeddable":true,"href":"https:\/\/2horizontes.com\/index.php?rest_route=\/wp\/v2\/media\/65065"}],"wp:attachment":[{"href":"https:\/\/2horizontes.com\/index.php?rest_route=%2Fwp%2Fv2%2Fmedia&parent=65064"}],"wp:term":[{"taxonomy":"category","embeddable":true,"href":"https:\/\/2horizontes.com\/index.php?rest_route=%2Fwp%2Fv2%2Fcategories&post=65064"},{"taxonomy":"post_tag","embeddable":true,"href":"https:\/\/2horizontes.com\/index.php?rest_route=%2Fwp%2Fv2%2Ftags&post=65064"}],"curies":[{"name":"wp","href":"https:\/\/api.w.org\/{rel}","templated":true}]}}