{"id":64977,"date":"2017-08-02T14:47:32","date_gmt":"2017-08-02T13:47:32","guid":{"rendered":"http:\/\/2horizontes.com\/?p=64977"},"modified":"2017-08-02T14:47:32","modified_gmt":"2017-08-02T13:47:32","slug":"arran-reivindica-una-accion-contra-el-turismo-masivo-en-el-puerto-de-palma-de-mallorca","status":"publish","type":"post","link":"https:\/\/2horizontes.com\/?p=64977","title":{"rendered":"Arran reivindica una acci\u00f3n contra \u201cel turismo masivo\u201d en el puerto de Palma de Mallorca"},"content":{"rendered":"<h2 class=\"articulo-subtitulo\">La organizaci\u00f3n de j\u00f3venes de la izquierda independentista difunde un v\u00eddeo que recoge una acci\u00f3n con bengalas y confeti.<\/h2>\n<p>&nbsp;<\/p>\n<p>Un v\u00eddeo difundido este martes en Twitter por Arran, un grupo de la\u00a0la izquierda independentista catalana af\u00edn a la CUP, reivindica una acci\u00f3n \u00abcontra el turismo masivo que destruye Mallorca\u00bb, en sus propias palabras, y \u00abque condena a la clase trabajadora de los Pa\u00edses Catalanes a la miseria\u00bb. En las im\u00e1genes, tomadas el 22 de julio, se ve a un grupo de j\u00f3venes que llegan al puerto de Palma de Mallorca, despliegan unas pancartas, encienden bengalas rosas frente a los yates de lujo amarrados en el muelle y tiran confeti a los clientes de un restaurante del puerto.<\/p>\n<p>Esta acci\u00f3n se suma los ataques\u00a0a un bus tur\u00edstico, al que pintaron la luna y pincharon las ruedas, y a las bicicletas de alquiler de Barcelona. Arran est\u00e1 considerada como las juventudes de la CUP, pero estos lo niegan. La organizaci\u00f3n, que como la CUP forma parte de la\u00a0Esquerra Independentista catalana, est\u00e1 formada por unos 500 afiliados repartidos en unas sesenta asambleas en Catalu\u00f1a, Comunidad Valenciana e Islas Baleares.<\/p>\n<p>Los ataques al turismo de Arran\u00a0est\u00e1n abriendo otra grieta entre la CUP y el Gobierno de Carles Puigdemont. El consejero de Presidencia, Jordi Turull, conden\u00f3 \u201csin matices\u201d la agresi\u00f3n al bus tur\u00edstico y pidi\u00f3 replantear esas acciones. La diputada de la CUP Mireia Boya, las tild\u00f3, sin embargo, de \u201csimb\u00f3licas\u201d y acus\u00f3 al Govern de generar violencia con sus pol\u00edticas. \u201cSiempre nos ped\u00eds a nosotros que renunciemos a la violencia, cuando la violencia tambi\u00e9n la provoca el Govern\u201d, afirm\u00f3 Boya, que critic\u00f3 \u00ablas pol\u00edticas neoliberales\u00bb del nuevo consejerode Empresa y Conocimiento, Santi Vila.<\/p>\n<section id=\"sumario_1|apoyos\" class=\"sumario_apoyos derecha\">\n<div class=\"sumario__interior\"><\/div>\n<\/section>\n<p>La Alcald\u00eda de Barcelona, a trav\u00e9s del alcalde en funciones por las vacaciones de Ada Colau, el socialista Jaume Collboni, calific\u00f3 de \u201cgrav\u00edsimo\u201d que la CUP no haya condenado los ataques de Arran y afirm\u00f3 que \u201chay una l\u00ednea roja que nunca se tiene que cruzar\u201d.<\/p>\n","protected":false},"excerpt":{"rendered":"<p>La organizaci\u00f3n de j\u00f3venes de la izquierda independentista difunde un v\u00eddeo que recoge una acci\u00f3n con bengalas y confeti. &nbsp; Un v\u00eddeo difundido este martes en Twitter por Arran, un grupo de la\u00a0la izquierda independentista catalana af\u00edn a la CUP, reivindica una acci\u00f3n \u00abcontra el turismo masivo que destruye Mallorca\u00bb, en sus propias palabras, y [&hellip;]<\/p>\n","protected":false},"author":4,"featured_media":64978,"comment_status":"open","ping_status":"open","sticky":false,"template":"","format":"standard","meta":{"footnotes":""},"categories":[85,64],"tags":[],"class_list":["post-64977","post","type-post","status-publish","format-standard","has-post-thumbnail","hentry","category-espana","category-turismo"],"_links":{"self":[{"href":"https:\/\/2horizontes.com\/index.php?rest_route=\/wp\/v2\/posts\/64977","targetHints":{"allow":["GET"]}}],"collection":[{"href":"https:\/\/2horizontes.com\/index.php?rest_route=\/wp\/v2\/posts"}],"about":[{"href":"https:\/\/2horizontes.com\/index.php?rest_route=\/wp\/v2\/types\/post"}],"author":[{"embeddable":true,"href":"https:\/\/2horizontes.com\/index.php?rest_route=\/wp\/v2\/users\/4"}],"replies":[{"embeddable":true,"href":"https:\/\/2horizontes.com\/index.php?rest_route=%2Fwp%2Fv2%2Fcomments&post=64977"}],"version-history":[{"count":1,"href":"https:\/\/2horizontes.com\/index.php?rest_route=\/wp\/v2\/posts\/64977\/revisions"}],"predecessor-version":[{"id":64979,"href":"https:\/\/2horizontes.com\/index.php?rest_route=\/wp\/v2\/posts\/64977\/revisions\/64979"}],"wp:featuredmedia":[{"embeddable":true,"href":"https:\/\/2horizontes.com\/index.php?rest_route=\/wp\/v2\/media\/64978"}],"wp:attachment":[{"href":"https:\/\/2horizontes.com\/index.php?rest_route=%2Fwp%2Fv2%2Fmedia&parent=64977"}],"wp:term":[{"taxonomy":"category","embeddable":true,"href":"https:\/\/2horizontes.com\/index.php?rest_route=%2Fwp%2Fv2%2Fcategories&post=64977"},{"taxonomy":"post_tag","embeddable":true,"href":"https:\/\/2horizontes.com\/index.php?rest_route=%2Fwp%2Fv2%2Ftags&post=64977"}],"curies":[{"name":"wp","href":"https:\/\/api.w.org\/{rel}","templated":true}]}}