{"id":64896,"date":"2017-06-30T13:59:53","date_gmt":"2017-06-30T12:59:53","guid":{"rendered":"http:\/\/2horizontes.com\/?p=64896"},"modified":"2017-06-30T13:59:53","modified_gmt":"2017-06-30T12:59:53","slug":"aspirante-diputado-prsc-europa-llama-a-la-calma-cordura-y-unidad","status":"publish","type":"post","link":"https:\/\/2horizontes.com\/?p=64896","title":{"rendered":"\u00abAspirante Diputado PRSC Europa, Llama a la calma, cordura y unidad\u00bb"},"content":{"rendered":"<p>Madrid-Espa\u00f1a 30-06-2017<\/p>\n<p>El Lic. Rafael Olmo Ram\u00edrez\u00a0 Aspirante, a ser diputado del PRSC para el 2020,\u00a0 y\u00a0 actual delegado t\u00e9cnico de dicha organizaci\u00f3n\u00a0 pol\u00edtica del PRSC\u00a0 en Europa.<\/p>\n<p>Me permito la ocasi\u00f3n momento que est\u00e1 circulando en el medio digital AmoDominicano.com\u00a0 y en las redes sociales una nota informativa de fecha 28-06-2017, enviada por el dirigente reformista\u00a0 y,\u00a0 Sec. de comunicaci\u00f3n de valencia Juan Carlos Mella Lopez.\u00a0 Califico de inaceptables\u00a0 las temerarias declaraciones\u00a0 filtrada por el compatriota Juan Carlos.\u00a0 Las cu\u00e1l no son \u00e9tica ni honesta de un Secretario de Comunicaci\u00f3n salvo que no sea que ya no le interese formar fila en el partido.<\/p>\n<p>Hago un llamados a todos\/as compatriotas reformistas de Europa. y muy especial de Madrid.<br \/>\nCompatriotas en nombre propio y por la salud de nuestro glorioso PRSC en Europa, mantengamos la calma, la cordura y la unidad,\u00a0\u00a0 que sea nuestro mejor aliados el di\u00e1logo,\u00a0 pongamos de instrumento debe ser garantizar el di\u00e1logo,\u00a0 por que la divisi\u00f3n y\u00a0 la inestabilidad no es el camino del \u00e9xito.\u00a0 Las desavenencias turbulencias, la inclinaci\u00f3n de preferencias grupal son desaf\u00edo normal en cualquier organizaci\u00f3n de \u00edndoles pol\u00edtica, muy especial en el sistema pol\u00edtico dominicano.\u00a0 Todos somos hermanos\/as, buscamos los mismos objetivos com\u00fan ser opci\u00f3n de poder y\u00a0 sacar diputados de ultramar en el 2020.<\/p>\n<p>Compatriotas la pol\u00edtica es una Ciencia,\u00a0 Es una actividad orientada en las decisiones de un grupo, para alcanzar cierto objetivos. Una manera de ejercer el poder con la intensi\u00f3n de resolver o minimizar intereses pol\u00edticos<br \/>\nLa democracia es el camino de hacer pol\u00edtica.<\/p>\n<p>Rafael Olmo les exhorta, a mis compatriotas reformistas que dividiendo y frustr\u00e1ndole el buen trabajo que venimos desarrollando un selecto<br \/>\ny prestigiosos equipo de reformistas empecinado en hacer crecer el PRSC en Europa para llevarlo al poder y obtener diputados no es la v\u00eda civilizada.<\/p>\n<p>Aprovechemos el momento, el tiempos para dedicarnos a trabajar, seamos ejemplos para nuestro relevo, el partido nos necesita a todos\/as pero sumando para el triunfo del 2020.<br \/>\nLos que sembremos ahora es lo que recogeremos en el futuro, no a la divisi\u00f3n\u00a0 s\u00ed,\u00a0 a la unidad\u00a0 por el bienestar de todos.<\/p>\n","protected":false},"excerpt":{"rendered":"<p>Madrid-Espa\u00f1a 30-06-2017 El Lic. Rafael Olmo Ram\u00edrez\u00a0 Aspirante, a ser diputado del PRSC para el 2020,\u00a0 y\u00a0 actual delegado t\u00e9cnico de dicha organizaci\u00f3n\u00a0 pol\u00edtica del PRSC\u00a0 en Europa. Me permito la ocasi\u00f3n momento que est\u00e1 circulando en el medio digital AmoDominicano.com\u00a0 y en las redes sociales una nota informativa de fecha 28-06-2017, enviada por el [&hellip;]<\/p>\n","protected":false},"author":1,"featured_media":37671,"comment_status":"open","ping_status":"open","sticky":false,"template":"","format":"standard","meta":{"footnotes":""},"categories":[85,82,43],"tags":[],"class_list":["post-64896","post","type-post","status-publish","format-standard","has-post-thumbnail","hentry","category-espana","category-opinion","category-politica"],"_links":{"self":[{"href":"https:\/\/2horizontes.com\/index.php?rest_route=\/wp\/v2\/posts\/64896","targetHints":{"allow":["GET"]}}],"collection":[{"href":"https:\/\/2horizontes.com\/index.php?rest_route=\/wp\/v2\/posts"}],"about":[{"href":"https:\/\/2horizontes.com\/index.php?rest_route=\/wp\/v2\/types\/post"}],"author":[{"embeddable":true,"href":"https:\/\/2horizontes.com\/index.php?rest_route=\/wp\/v2\/users\/1"}],"replies":[{"embeddable":true,"href":"https:\/\/2horizontes.com\/index.php?rest_route=%2Fwp%2Fv2%2Fcomments&post=64896"}],"version-history":[{"count":1,"href":"https:\/\/2horizontes.com\/index.php?rest_route=\/wp\/v2\/posts\/64896\/revisions"}],"predecessor-version":[{"id":64897,"href":"https:\/\/2horizontes.com\/index.php?rest_route=\/wp\/v2\/posts\/64896\/revisions\/64897"}],"wp:featuredmedia":[{"embeddable":true,"href":"https:\/\/2horizontes.com\/index.php?rest_route=\/wp\/v2\/media\/37671"}],"wp:attachment":[{"href":"https:\/\/2horizontes.com\/index.php?rest_route=%2Fwp%2Fv2%2Fmedia&parent=64896"}],"wp:term":[{"taxonomy":"category","embeddable":true,"href":"https:\/\/2horizontes.com\/index.php?rest_route=%2Fwp%2Fv2%2Fcategories&post=64896"},{"taxonomy":"post_tag","embeddable":true,"href":"https:\/\/2horizontes.com\/index.php?rest_route=%2Fwp%2Fv2%2Ftags&post=64896"}],"curies":[{"name":"wp","href":"https:\/\/api.w.org\/{rel}","templated":true}]}}