{"id":64883,"date":"2017-06-27T10:31:22","date_gmt":"2017-06-27T09:31:22","guid":{"rendered":"http:\/\/2horizontes.com\/?p=64883"},"modified":"2017-06-27T10:31:29","modified_gmt":"2017-06-27T09:31:29","slug":"periodista-kennedy-vargas-pondra-en-circulacion-obra-historia-del-atletismo-dominicano","status":"publish","type":"post","link":"https:\/\/2horizontes.com\/?p=64883","title":{"rendered":"Periodista Kennedy Vargas pondr\u00e1 en circulaci\u00f3n obra Historia del Atletismo Dominicano"},"content":{"rendered":"<p>Santo Domingo. El periodista Kennedy Vargas anuncia la puesta en circulaci\u00f3n de su obra \u201cHistoria del Atletismo Dominicano\u201d, durante actos a celebrarse en Santo Domingo, Nueva York y Puerto Rico.<\/p>\n<p>La obra recopila los principales momentos y actuaciones de los exponentes del atletismo nacional, desde el a\u00f1o 1910 hasta el 2016.<\/p>\n<p>Vargas, narra en forma cronol\u00f3gica la participaci\u00f3n de los atletas nacionales en los Juegos Centroamericanos y del Caribe, Panamericanos, Juegos Ol\u00edmpicos y Campeonatos Mundiales.<\/p>\n<p>Tambi\u00e9n la participaci\u00f3n de los atletas dominicano en el atletismo universitario de Puerto Rico, adem\u00e1s de las actuaciones en los Juegos Nacionales y Juegos Deportivos de las Fuerzas Armadas y la Polic\u00eda Nacional.<\/p>\n<p>\u201cMi objetivo es que la juventud de hoy conozca a los protagonistas del atletismo dominicano, hombres y mujeres que se han entregado en cuerpo y alma a poner en alto el nombre del pa\u00eds en los principales escenarios mundiales\u201d, dijo Vargas.<\/p>\n<p>En ese orden, agradece a una serie de empresas e instituciones p\u00fablicas y privadas, por el respaldo, para que el libro llegue gratuitamente a los principales centros educativos, asociaciones y a la Federaci\u00f3n Dominicana de Asociaciones de Atletismo.<\/p>\n<p>Kennedy Vargas, ha publicado las obras deportivas Grandes Atletas Dominicanos, 500 Grandes Atletas Dominicanos y la Historia del Ajedrez Dominicano.<\/p>\n","protected":false},"excerpt":{"rendered":"<p>Santo Domingo. El periodista Kennedy Vargas anuncia la puesta en circulaci\u00f3n de su obra \u201cHistoria del Atletismo Dominicano\u201d, durante actos a celebrarse en Santo Domingo, Nueva York y Puerto Rico. La obra recopila los principales momentos y actuaciones de los exponentes del atletismo nacional, desde el a\u00f1o 1910 hasta el 2016. Vargas, narra en forma [&hellip;]<\/p>\n","protected":false},"author":1,"featured_media":64884,"comment_status":"open","ping_status":"open","sticky":false,"template":"","format":"standard","meta":{"footnotes":""},"categories":[62],"tags":[],"class_list":["post-64883","post","type-post","status-publish","format-standard","has-post-thumbnail","hentry","category-cultura"],"_links":{"self":[{"href":"https:\/\/2horizontes.com\/index.php?rest_route=\/wp\/v2\/posts\/64883","targetHints":{"allow":["GET"]}}],"collection":[{"href":"https:\/\/2horizontes.com\/index.php?rest_route=\/wp\/v2\/posts"}],"about":[{"href":"https:\/\/2horizontes.com\/index.php?rest_route=\/wp\/v2\/types\/post"}],"author":[{"embeddable":true,"href":"https:\/\/2horizontes.com\/index.php?rest_route=\/wp\/v2\/users\/1"}],"replies":[{"embeddable":true,"href":"https:\/\/2horizontes.com\/index.php?rest_route=%2Fwp%2Fv2%2Fcomments&post=64883"}],"version-history":[{"count":1,"href":"https:\/\/2horizontes.com\/index.php?rest_route=\/wp\/v2\/posts\/64883\/revisions"}],"predecessor-version":[{"id":64885,"href":"https:\/\/2horizontes.com\/index.php?rest_route=\/wp\/v2\/posts\/64883\/revisions\/64885"}],"wp:featuredmedia":[{"embeddable":true,"href":"https:\/\/2horizontes.com\/index.php?rest_route=\/wp\/v2\/media\/64884"}],"wp:attachment":[{"href":"https:\/\/2horizontes.com\/index.php?rest_route=%2Fwp%2Fv2%2Fmedia&parent=64883"}],"wp:term":[{"taxonomy":"category","embeddable":true,"href":"https:\/\/2horizontes.com\/index.php?rest_route=%2Fwp%2Fv2%2Fcategories&post=64883"},{"taxonomy":"post_tag","embeddable":true,"href":"https:\/\/2horizontes.com\/index.php?rest_route=%2Fwp%2Fv2%2Ftags&post=64883"}],"curies":[{"name":"wp","href":"https:\/\/api.w.org\/{rel}","templated":true}]}}