{"id":64871,"date":"2017-06-21T18:03:18","date_gmt":"2017-06-21T17:03:18","guid":{"rendered":"http:\/\/2horizontes.com\/?p=64871"},"modified":"2017-06-21T18:03:18","modified_gmt":"2017-06-21T17:03:18","slug":"equidad-en-el-dia-del-padre","status":"publish","type":"post","link":"https:\/\/2horizontes.com\/?p=64871","title":{"rendered":"Equidad en el D\u00eda del Padre"},"content":{"rendered":"<p>Art\u00edculo de opini\u00f3n<\/p>\n<p>Por Dominga Valdez<\/p>\n<p>Desde que tengo uso de raz\u00f3n, estoy observando que la celebraci\u00f3n del D\u00eda de los Padres, no le dan esa gran\u00a0\u00a0 importancia como el D\u00eda de las Madres, raz\u00f3n por la cual llevo a\u00f1os escuchando las mismas quejas de parte de los hombres, quejas con raz\u00f3n, pues seg\u00fan ellos hasta los regalos son baratos, paup\u00e9rrimos y a veces solamente una llamada de felicitaci\u00f3n o simplemente ning\u00fan detalle de los hijos a los cuales han criado con amor y dedicaci\u00f3n.<\/p>\n<p>Aunque parezca incre\u00edble, yo culpo a las madres, s\u00ed esas mismas que exigen regalos y piden a sus hijos que les recuerden a su pap\u00e1 el regalo de mam\u00e1, exigencia que el hombre obedece porque la Do\u00f1a espera siempre sus regalitos.<br \/>\nEs ah\u00ed donde quiero llegar con mi escrito, a que las madres vayan ense\u00f1ando a sus hijos el valor del padre, que tambien es merecedor de los mismos privilegios que gozan ellas, deben ir ahorrando para ese d\u00eda y comprarle un buen regalo no disparates\u00a0 a ese padre trabajador, buen proveedor, cari\u00f1oso, cooperador, ese padre que forma parte importante de la crianza ,formaci\u00f3n y adultez de los hijos.<\/p>\n<p>Comprarles algo que el pap\u00e1 desea, o sorprenderle con hacerle realidad un sue\u00f1o que quiz\u00e1s \u00e9l espera, a\u00f1ora pero nadie se ha dignado en esa familia a preocuparse o preguntarle \u00bfQu\u00e9 te gustar\u00eda de regalo para el D\u00eda del padre o tu cumplea\u00f1os?<br \/>\nNada se pierde con saberlo y si lo pedido no est\u00e1 al alcance, darle un regalo sorpresa que de seguro el hombre quedar\u00e1 sorprendido, va llorar\u00a0 de la emoci\u00f3n y nunca olvidar\u00e1 ese gesto de su familia.<\/p>\n<p>Honestamente han sido muy injustos con la celebraci\u00f3n del D\u00eda del Padre, celebraci\u00f3n discriminatoria, pero como los hombres no est\u00e1n con esas reclamaderas como las mujeres, pues sufren callados y pronuncian \u00abCelebramos el D\u00eda de los Perros\u00bb.<\/p>\n<p>Una queja disfrazada de discrimen, porque muchos regalos en mayo para mam\u00e1 y ellos regalitos baratitos por no dejar.<br \/>\nLa madre debe ir formando en la mente de los ni\u00f1os que \u00abpap\u00e1 es bueno, debemos ir ahorrando para comprarles su regalo\u00bb.<br \/>\n\u00bfY si la madre trabaja porqu\u00e9 no compra un buen regalo para que los ni\u00f1os se lo entreguen a su excelente padre ese d\u00eda?<\/p>\n<p>Veo que para los cumplea\u00f1os les regalan a pap\u00e1, pero los hombres desean ver tambien ese despliegue comercial en su D\u00eda, no llamadas solamente, porque hay que hacerlos sentir importante en su celebraci\u00f3n anual.<br \/>\nPap\u00e1 puede recibir certificados de regalos, de spa, masajes, cenas, boletos a\u00e9reos, billetera, perfumes, corbatas, art\u00edculos de hombres y un sinf\u00edn\u00a0 de obsequios como mam\u00e1.<\/p>\n<p>Me refiero a esos padres responsables y presentes en la vida de sus hijos, esos hombres que van a la citas m\u00e9dicas, reuni\u00f3n de la Escuela, lo llevan al parque de pelota, karate, voleibol, ballet, a la escuela de arte, me refiero al pap\u00e1 que ofrece hasta la vida por sus hijos, lo que decidieron ser irresponsable que la vida le pase sus facturas.<\/p>\n<p>Me entristece escucharlo quej\u00e1ndose y diciendo \u00abEscr\u00edbase algo Minguita, sobre este discrimen, defi\u00e9ndanos amiga, a ver si nos toman m\u00e1s en cuenta el D\u00eda de los Padres y no pase como un d\u00eda lleno de felicitaciones por Facebook y pocos regalos\u00bb.<\/p>\n<p>Los padres no se van a quejar pero esperan equidad en su D\u00eda, es justo si es un buen pap\u00e1 hay que distinguirlos mujeres, dejen la taca\u00f1er\u00eda que ellos las complacen en su D\u00eda de las Madres.<br \/>\nNunca es tarde para corregir lo que est\u00e1bamos haciendo mal, pap\u00e1 se sentir\u00e1 muy tomado en cuenta con cari\u00f1itos y regalitos tambi\u00e9n.<\/p>\n","protected":false},"excerpt":{"rendered":"<p>Art\u00edculo de opini\u00f3n Por Dominga Valdez Desde que tengo uso de raz\u00f3n, estoy observando que la celebraci\u00f3n del D\u00eda de los Padres, no le dan esa gran\u00a0\u00a0 importancia como el D\u00eda de las Madres, raz\u00f3n por la cual llevo a\u00f1os escuchando las mismas quejas de parte de los hombres, quejas con raz\u00f3n, pues seg\u00fan ellos [&hellip;]<\/p>\n","protected":false},"author":4,"featured_media":64872,"comment_status":"open","ping_status":"open","sticky":false,"template":"","format":"standard","meta":{"footnotes":""},"categories":[62,82],"tags":[],"class_list":["post-64871","post","type-post","status-publish","format-standard","has-post-thumbnail","hentry","category-cultura","category-opinion"],"_links":{"self":[{"href":"https:\/\/2horizontes.com\/index.php?rest_route=\/wp\/v2\/posts\/64871","targetHints":{"allow":["GET"]}}],"collection":[{"href":"https:\/\/2horizontes.com\/index.php?rest_route=\/wp\/v2\/posts"}],"about":[{"href":"https:\/\/2horizontes.com\/index.php?rest_route=\/wp\/v2\/types\/post"}],"author":[{"embeddable":true,"href":"https:\/\/2horizontes.com\/index.php?rest_route=\/wp\/v2\/users\/4"}],"replies":[{"embeddable":true,"href":"https:\/\/2horizontes.com\/index.php?rest_route=%2Fwp%2Fv2%2Fcomments&post=64871"}],"version-history":[{"count":1,"href":"https:\/\/2horizontes.com\/index.php?rest_route=\/wp\/v2\/posts\/64871\/revisions"}],"predecessor-version":[{"id":64873,"href":"https:\/\/2horizontes.com\/index.php?rest_route=\/wp\/v2\/posts\/64871\/revisions\/64873"}],"wp:featuredmedia":[{"embeddable":true,"href":"https:\/\/2horizontes.com\/index.php?rest_route=\/wp\/v2\/media\/64872"}],"wp:attachment":[{"href":"https:\/\/2horizontes.com\/index.php?rest_route=%2Fwp%2Fv2%2Fmedia&parent=64871"}],"wp:term":[{"taxonomy":"category","embeddable":true,"href":"https:\/\/2horizontes.com\/index.php?rest_route=%2Fwp%2Fv2%2Fcategories&post=64871"},{"taxonomy":"post_tag","embeddable":true,"href":"https:\/\/2horizontes.com\/index.php?rest_route=%2Fwp%2Fv2%2Ftags&post=64871"}],"curies":[{"name":"wp","href":"https:\/\/api.w.org\/{rel}","templated":true}]}}