{"id":64849,"date":"2017-06-21T09:39:01","date_gmt":"2017-06-21T08:39:01","guid":{"rendered":"http:\/\/2horizontes.com\/?p=64849"},"modified":"2017-06-21T09:39:01","modified_gmt":"2017-06-21T08:39:01","slug":"abrir-el-metro-24-horas-por-el-orgullo-gay-costara-879-092-euros-el-sabado-1-de-julio-abriran-todo","status":"publish","type":"post","link":"https:\/\/2horizontes.com\/?p=64849","title":{"rendered":"Abrir el Metro 24 horas por el Orgullo Gay costar\u00e1 879.092 euros El s\u00e1bado 1 de julio abrir\u00e1n todo"},"content":{"rendered":"<p>Abrir el Metro por primera vez en su historia durante las 24 horas el d\u00eda costar\u00e1 cerca de 900.000 euros. Concretamente, 879.092 euros, seg\u00fan ha explicado la presidenta regional,<strong> Cristina Cifuentes<\/strong>. El transporte p\u00fablico utilizado por m\u00e1s viajeros en la regi\u00f3n madrile\u00f1a no cerrar\u00e1 desde el s\u00e1bado 1 de julio al domingo 2 de julio, el principal<strong> fin de semana del World Pride<\/strong>, para poder dar servicio a la tremenda riada humana que se espera que se concentre en el centro de la ciudad de Madrid durante esos d\u00edas.<\/p>\n<p>Concretamente, el Metro abrir\u00e1 en las l\u00edneas 1, 2, 3, 4, 5, 6, 7A, 8, 9A, 10A y 11, adem\u00e1s del Ramal \u00d3pera-Norte. Pero adem\u00e1s, est\u00e1 previsto establecer un refuerzo durante<strong> el resto de los d\u00edas <\/strong>que dure el World Pride -entre el 23 de junio y el 2 de julio- en las ocho l\u00edneas del suburbano que recorren el centro de Madrid.<\/p>\n<p>Tambi\u00e9n los autobuses interurbanos van a verse reforzados hasta en un 125 por ciento. Y habr\u00e1 m\u00e1s servicios diurnos y nocturnos en las l\u00edneas urbanas de la <strong>EMT y de Cercan\u00edas<\/strong>. En total, el Gobierno regional calcula que invertir\u00e1 unos 2 millones de euros de su presupuesto en el correcto funcionamiento de todos los servicios durante el evento.<\/p>\n<h2>Amenaza de huelga<\/h2>\n<div id=\"roba_cintillo-id\">\u00a0Respecto a la amenaza d<strong>e huelga de conductores de Metro <\/strong>para esas fechas, desde el Ayuntamiento de Madrid se ha hecho una llamada al sentido com\u00fan de las partes, para actuar con \u00abgenerosidad\u00bb. El delegado de Salud, Seguridad y Emergencias, <strong>Javier Barbero<\/strong>, ha expresado su deseo de que ambas partes, Sindicato de Maquinistas y Comunidad de Madrid, \u00abse sienten\u00bb para resolver el problema porque Madrid -ha comentado- \u00abnecesita la apertura del Metro a pleno rendimiento\u00bb durante esos d\u00edas y especialmente en la noche del s\u00e1bado 1 de julio, d\u00eda de la marcha reivindicativa.<\/div>\n<p>\u00abInsto a la generosidad de las partes, que seguro que la pueden tener, porque es un acontecimiento de ciudad de <strong>una enorme transcendencia\u00bb<\/strong>, ha dicho Javier Barbero en declaraciones a los periodistas al finalizar la comisi\u00f3n municipal de Salud, Seguridad y Emergencias.<\/p>\n<p>\u00abFrente a las leg\u00edtimas posiciones de cada una de las partes hay que <strong>levantar la mirada\u00bb<\/strong>, ha pedido el delegado Javier Barbero, que ha vinculado el normal funcionamiento del Metro con la seguridad de toda la ciudad.<\/p>\n","protected":false},"excerpt":{"rendered":"<p>Abrir el Metro por primera vez en su historia durante las 24 horas el d\u00eda costar\u00e1 cerca de 900.000 euros. Concretamente, 879.092 euros, seg\u00fan ha explicado la presidenta regional, Cristina Cifuentes. El transporte p\u00fablico utilizado por m\u00e1s viajeros en la regi\u00f3n madrile\u00f1a no cerrar\u00e1 desde el s\u00e1bado 1 de julio al domingo 2 de julio, [&hellip;]<\/p>\n","protected":false},"author":4,"featured_media":64850,"comment_status":"open","ping_status":"open","sticky":false,"template":"","format":"standard","meta":{"footnotes":""},"categories":[85,57],"tags":[],"class_list":["post-64849","post","type-post","status-publish","format-standard","has-post-thumbnail","hentry","category-espana","category-mundo-gay"],"_links":{"self":[{"href":"https:\/\/2horizontes.com\/index.php?rest_route=\/wp\/v2\/posts\/64849","targetHints":{"allow":["GET"]}}],"collection":[{"href":"https:\/\/2horizontes.com\/index.php?rest_route=\/wp\/v2\/posts"}],"about":[{"href":"https:\/\/2horizontes.com\/index.php?rest_route=\/wp\/v2\/types\/post"}],"author":[{"embeddable":true,"href":"https:\/\/2horizontes.com\/index.php?rest_route=\/wp\/v2\/users\/4"}],"replies":[{"embeddable":true,"href":"https:\/\/2horizontes.com\/index.php?rest_route=%2Fwp%2Fv2%2Fcomments&post=64849"}],"version-history":[{"count":1,"href":"https:\/\/2horizontes.com\/index.php?rest_route=\/wp\/v2\/posts\/64849\/revisions"}],"predecessor-version":[{"id":64851,"href":"https:\/\/2horizontes.com\/index.php?rest_route=\/wp\/v2\/posts\/64849\/revisions\/64851"}],"wp:featuredmedia":[{"embeddable":true,"href":"https:\/\/2horizontes.com\/index.php?rest_route=\/wp\/v2\/media\/64850"}],"wp:attachment":[{"href":"https:\/\/2horizontes.com\/index.php?rest_route=%2Fwp%2Fv2%2Fmedia&parent=64849"}],"wp:term":[{"taxonomy":"category","embeddable":true,"href":"https:\/\/2horizontes.com\/index.php?rest_route=%2Fwp%2Fv2%2Fcategories&post=64849"},{"taxonomy":"post_tag","embeddable":true,"href":"https:\/\/2horizontes.com\/index.php?rest_route=%2Fwp%2Fv2%2Ftags&post=64849"}],"curies":[{"name":"wp","href":"https:\/\/api.w.org\/{rel}","templated":true}]}}