{"id":64846,"date":"2017-06-21T09:29:41","date_gmt":"2017-06-21T08:29:41","guid":{"rendered":"http:\/\/2horizontes.com\/?p=64846"},"modified":"2017-06-21T09:29:41","modified_gmt":"2017-06-21T08:29:41","slug":"un-hombre-intenta-apunalar-a-su-peluquero-por-cobrarle-9-euros-en-el-barrio-de-villaverde-alto-de-madrid","status":"publish","type":"post","link":"https:\/\/2horizontes.com\/?p=64846","title":{"rendered":"Un hombre intenta apu\u00f1alar a su peluquero por cobrarle 9 euros en el barrio de Villaverde Alto de Madrid"},"content":{"rendered":"<p>El hombre, de nacionalidad egipcia, abord\u00f3 al peluquero en plena calle G\u00f3mez Acebo, en el barrio de Villaverde Alto<\/p>\n<p>Un hombre de nacionalidad egipcia ha sido detenido por la Polic\u00eda porque <strong>trat\u00f3 de apu\u00f1alar a su peluquero<\/strong> unas horas despu\u00e9s de que le atendiese, dici\u00e9ndole: \u00abTe voy a matar<strong> por cobrarme nueve euros\u00bb<\/strong>.<\/p>\n<p>Fuentes de la Jefatura Superior de Polic\u00eda han confirmado que el hombre fue arrestado la madrugada del pasado lunes, despu\u00e9s de que <strong>el due\u00f1o de una peluquer\u00eda del barrio de Villaverde Alto<\/strong>, tambi\u00e9n egipcio, denunciara que un cliente acababa de intentar apu\u00f1alarle tres veces, seg\u00fan informa hoy el diario \u00abEl Mundo\u00bb.<\/p>\n<p>Le abord\u00f3<strong> en plena calle G\u00f3mez Acebo <\/strong>y le dijo: \u00abTe voy a matar por cobrarme nueve euros por cortarme el pelo\u00bb, tras lo que intent\u00f3 <strong>clavarle un cuchillo al menos tres veces<\/strong>, aunque logr\u00f3 zafarse y el agresor huy\u00f3.<\/p>\n<p>El peluquero le dijo a la Polic\u00eda que <strong>le hab\u00eda cortado el pelo el d\u00eda anterior sin incidentes<\/strong>, y los agentes localizaron poco despu\u00e9s al presunto agresor con un cuchillo de grandes dimensiones en la mano.<\/p>\n<p>La Polic\u00eda tambi\u00e9n ha detenido a otro hombre, en este caso de 59 a\u00f1os y en el distrito madrile\u00f1o de Villaverde, por esgrimir una pistola que luego se comprob\u00f3 que era simulada por la calle Mart\u00ednez de la Riva mientras caminaba con su madre.<\/p>\n<p>Fue este lunes hacia las 16:00 horas cuando varios agentes <strong>le vieron con el arma en la mano, momento<\/strong> en el que el detenido, al percatarse de la presencia de los agentes, entr\u00f3 en la vivienda dejando a la madre fuera.<\/p>\n","protected":false},"excerpt":{"rendered":"<p>El hombre, de nacionalidad egipcia, abord\u00f3 al peluquero en plena calle G\u00f3mez Acebo, en el barrio de Villaverde Alto Un hombre de nacionalidad egipcia ha sido detenido por la Polic\u00eda porque trat\u00f3 de apu\u00f1alar a su peluquero unas horas despu\u00e9s de que le atendiese, dici\u00e9ndole: \u00abTe voy a matar por cobrarme nueve euros\u00bb. Fuentes de [&hellip;]<\/p>\n","protected":false},"author":4,"featured_media":64847,"comment_status":"open","ping_status":"open","sticky":false,"template":"","format":"standard","meta":{"footnotes":""},"categories":[85],"tags":[],"class_list":["post-64846","post","type-post","status-publish","format-standard","has-post-thumbnail","hentry","category-espana"],"_links":{"self":[{"href":"https:\/\/2horizontes.com\/index.php?rest_route=\/wp\/v2\/posts\/64846","targetHints":{"allow":["GET"]}}],"collection":[{"href":"https:\/\/2horizontes.com\/index.php?rest_route=\/wp\/v2\/posts"}],"about":[{"href":"https:\/\/2horizontes.com\/index.php?rest_route=\/wp\/v2\/types\/post"}],"author":[{"embeddable":true,"href":"https:\/\/2horizontes.com\/index.php?rest_route=\/wp\/v2\/users\/4"}],"replies":[{"embeddable":true,"href":"https:\/\/2horizontes.com\/index.php?rest_route=%2Fwp%2Fv2%2Fcomments&post=64846"}],"version-history":[{"count":1,"href":"https:\/\/2horizontes.com\/index.php?rest_route=\/wp\/v2\/posts\/64846\/revisions"}],"predecessor-version":[{"id":64848,"href":"https:\/\/2horizontes.com\/index.php?rest_route=\/wp\/v2\/posts\/64846\/revisions\/64848"}],"wp:featuredmedia":[{"embeddable":true,"href":"https:\/\/2horizontes.com\/index.php?rest_route=\/wp\/v2\/media\/64847"}],"wp:attachment":[{"href":"https:\/\/2horizontes.com\/index.php?rest_route=%2Fwp%2Fv2%2Fmedia&parent=64846"}],"wp:term":[{"taxonomy":"category","embeddable":true,"href":"https:\/\/2horizontes.com\/index.php?rest_route=%2Fwp%2Fv2%2Fcategories&post=64846"},{"taxonomy":"post_tag","embeddable":true,"href":"https:\/\/2horizontes.com\/index.php?rest_route=%2Fwp%2Fv2%2Ftags&post=64846"}],"curies":[{"name":"wp","href":"https:\/\/api.w.org\/{rel}","templated":true}]}}