{"id":64843,"date":"2017-06-21T09:23:57","date_gmt":"2017-06-21T08:23:57","guid":{"rendered":"http:\/\/2horizontes.com\/?p=64843"},"modified":"2017-06-21T09:23:57","modified_gmt":"2017-06-21T08:23:57","slug":"el-world-pride-2017-tendra-un-impacto-economico-de-200-millones-de-euros-en-madrid","status":"publish","type":"post","link":"https:\/\/2horizontes.com\/?p=64843","title":{"rendered":"El World Pride 2017 tendr\u00e1 un impacto econ\u00f3mico de 200 millones de euros en Madrid"},"content":{"rendered":"<p>Que Madrid sea del 23 de junio al 2 de julio sede del <strong>World Pride<\/strong>, la fiesta gay mundial, le va a suponer a la regi\u00f3n un impacto econ\u00f3mico de 200 millones de euros, y <strong>un retorno de 300 millones<\/strong>, sobre todo en los sectores de hosteler\u00eda y comercio. Son los datos de la organizaci\u00f3n que esta ma\u00f1ana hace suyos la presidenta regional Cristina Cifuentes. La Comunidad har\u00e1 un gran esfuerzo organizativo y log\u00edstico para que todo salga bien. Y tambi\u00e9n econ\u00f3mico: abrir el Metro 24 horas el d\u00eda 1 de julio va a costar 880.000 euros, ha apuntado la presidenta regional.<\/p>\n<p>Adem\u00e1s del componente reivindicativo y de defensa de derechos que supone la celebraci\u00f3n, el Gobierno regional tambi\u00e9n es muy consciente de su importancia econ\u00f3mica y <strong>como v\u00eda de promoci\u00f3n de Madrid<\/strong>. De ah\u00ed que se hayan coordinado todas las consejer\u00edas para que el evento sea un \u00e9xito.<\/p>\n<p>Est\u00e1 previsto <strong>un refuerzo del 112<\/strong> para atender todas las llamadas de emergencia que se puedan producir. Y este mi\u00e9rcoles se publicar\u00e1 una orden que permitir\u00e1 ampliar en una hora la apertura de los negocios de hosteler\u00eda.<\/p>\n<div class=\"teads-inread xs-screen\"><\/div>\n<div id=\"roba_cintillo-id\">\u00a0Adem\u00e1s, se van a reforzar tambi\u00e9n los servicios de emergencias m\u00f3viles y los de seis hospitales c\u00e9ntricos.<\/div>\n<p>Cifuentes a\u00fan no ha decidido si apoyar\u00e1 con su presencia el desfile del World Pride; \u00aba estas alturas de mi vida, no tengo que demostrar que apoyo la causa LGTBI\u00bb, ha conclu\u00eddo.<\/p>\n","protected":false},"excerpt":{"rendered":"<p>Que Madrid sea del 23 de junio al 2 de julio sede del World Pride, la fiesta gay mundial, le va a suponer a la regi\u00f3n un impacto econ\u00f3mico de 200 millones de euros, y un retorno de 300 millones, sobre todo en los sectores de hosteler\u00eda y comercio. Son los datos de la organizaci\u00f3n [&hellip;]<\/p>\n","protected":false},"author":4,"featured_media":64844,"comment_status":"open","ping_status":"open","sticky":false,"template":"","format":"standard","meta":{"footnotes":""},"categories":[85,57],"tags":[],"class_list":["post-64843","post","type-post","status-publish","format-standard","has-post-thumbnail","hentry","category-espana","category-mundo-gay"],"_links":{"self":[{"href":"https:\/\/2horizontes.com\/index.php?rest_route=\/wp\/v2\/posts\/64843","targetHints":{"allow":["GET"]}}],"collection":[{"href":"https:\/\/2horizontes.com\/index.php?rest_route=\/wp\/v2\/posts"}],"about":[{"href":"https:\/\/2horizontes.com\/index.php?rest_route=\/wp\/v2\/types\/post"}],"author":[{"embeddable":true,"href":"https:\/\/2horizontes.com\/index.php?rest_route=\/wp\/v2\/users\/4"}],"replies":[{"embeddable":true,"href":"https:\/\/2horizontes.com\/index.php?rest_route=%2Fwp%2Fv2%2Fcomments&post=64843"}],"version-history":[{"count":1,"href":"https:\/\/2horizontes.com\/index.php?rest_route=\/wp\/v2\/posts\/64843\/revisions"}],"predecessor-version":[{"id":64845,"href":"https:\/\/2horizontes.com\/index.php?rest_route=\/wp\/v2\/posts\/64843\/revisions\/64845"}],"wp:featuredmedia":[{"embeddable":true,"href":"https:\/\/2horizontes.com\/index.php?rest_route=\/wp\/v2\/media\/64844"}],"wp:attachment":[{"href":"https:\/\/2horizontes.com\/index.php?rest_route=%2Fwp%2Fv2%2Fmedia&parent=64843"}],"wp:term":[{"taxonomy":"category","embeddable":true,"href":"https:\/\/2horizontes.com\/index.php?rest_route=%2Fwp%2Fv2%2Fcategories&post=64843"},{"taxonomy":"post_tag","embeddable":true,"href":"https:\/\/2horizontes.com\/index.php?rest_route=%2Fwp%2Fv2%2Ftags&post=64843"}],"curies":[{"name":"wp","href":"https:\/\/api.w.org\/{rel}","templated":true}]}}