{"id":64840,"date":"2017-06-21T09:17:38","date_gmt":"2017-06-21T08:17:38","guid":{"rendered":"http:\/\/2horizontes.com\/?p=64840"},"modified":"2017-06-21T09:17:38","modified_gmt":"2017-06-21T08:17:38","slug":"el-congreso-rechazara-hoy-la-convocatoria-del-referendum-unilateral-de-cataluna","status":"publish","type":"post","link":"https:\/\/2horizontes.com\/?p=64840","title":{"rendered":"El Congreso rechazar\u00e1 hoy la convocatoria del refer\u00e9ndum unilateral de Catalu\u00f1a"},"content":{"rendered":"<p>PP, PSOE y Ciudadanos responder\u00e1n con una sola voz y votar\u00e1n \u00abno\u00bb a una moci\u00f3n del PDeCAT para instar al Gobierno a permitir la consulta ilegal.<\/p>\n<p>El Pleno del Congreso propinar\u00e1 hoy un rotundo \u00abno\u00bb a las pretensiones del presidente de la Generalitat, Carles Puigdemont, de convocar un refer\u00e9ndum unilateral en Catalu\u00f1a el pr\u00f3ximo 1 de octubre.<\/p>\n<p>PP, PSOE, Ciudadanos, Foro Asturias, UPN, Coalici\u00f3n Canaria y Nueva Canarias se unir\u00e1n para rechazar una moci\u00f3n del PDeCAT que propone instar al Gobierno a \u00abrespetar\u00bb la decisi\u00f3n del presidente auton\u00f3mico catal\u00e1n de <strong>celebrar la consulta ilegal<\/strong>. El partido catal\u00e1n argumenta que ese acto permitir\u00e1 a los catalanes decidir \u00absobre su futuro pol\u00edtico en cumplimiento del mandato democr\u00e1tico surgido de las urnas, y despu\u00e9s de reiteradas llamadas al acuerdo\u00bb.<\/p>\n<p>Todos los partidos constitucionalistas hablar\u00e1n as\u00ed con una sola voz y demostrar\u00e1n que en el Congreso existe una abrumadora mayor\u00eda absoluta defensora de que la soberan\u00eda nacional reside en el conjunto del Estado espa\u00f1ol. Los cambios de liderazgo en el PSOE no han afectado a esta posici\u00f3n y tampoco el PSC se desgajar\u00e1 esta vez de su partido hermano en la votaci\u00f3n.<\/p>\n<p>La moci\u00f3n incluye, adem\u00e1s, una serie de puntos adicionales que tambi\u00e9n ser\u00e1n rechazados. Y es que el grupo catal\u00e1n propon\u00eda tambi\u00e9n al Pleno \u00abcelebrar y dar la bienvenida a la disposici\u00f3n\u00bb de Puigdemont de acudir al Congreso para explicar el refer\u00e9ndum<strong> pero sin someter su propuesta a votaci\u00f3n.<\/strong><\/p>\n<p>Una postura que tiene un complicado encaje reglamentario ya que las iniciativas que puede elevar al Pleno el Parlamento catal\u00e1n incluyen votaci\u00f3n posterior. El PP ya ha ofrecido al PDeCAT la posibilidad de comparecer ante el Congreso pero ateni\u00e9ndose a una de las f\u00f3rmulas que contempla el Reglamento de la C\u00e1mara, esto es, con votaci\u00f3n. Y esta posici\u00f3n quedar\u00e1 respaldada hoy por el resto de partidos constitucionalistas.<\/p>\n<p>El grupo catal\u00e1n, en cambio, obvia en su moci\u00f3n la falta de encaje reglamentario de la iniciativa y se centra en subrayar que permitir\u00e1 \u00ababordar desde el di\u00e1logo la posibilidad de articular respuestas compartidas, acordes con el momento social y pol\u00edtico que vive Catalu\u00f1a\u00bb.<\/p>\n<p>En todo caso, el presidente de la Generalitat tendr\u00e1 pronto una respuesta oficial a su pretensi\u00f3n ya que ha enviado una misiva a la presidenta del Congreso, Ana Pastor, para pedirle realizar esa comparecencia sin preguntas en el Pleno. La carta a\u00fan no hab\u00eda llegado al Congreso ayer por la ma\u00f1ana. Una vez que llegue y en funci\u00f3n de <strong>si va dirigida a Pastor de manera personal <\/strong>o no, la presidenta del Congreso proceder\u00e1 a la contestaci\u00f3n de manera individual o previa consulta con la Junta de Portavoces.<\/p>\n<p>El PDeCAT pretend\u00eda tambi\u00e9n realizar un \u00abby-pass\u00bb al Ejecutivo de Mariano Rajoy y lograr que el Pleno del Congreso se comprometiera a \u00abencontrar el espacio institucional parlamentario para dialogar con las autoridades catalanas ante la p\u00e9rdida de voluntad de di\u00e1logo del Gobierno del Estado\u00bb.<\/p>\n<p>Hubiera sido un duro golpe para el Gobierno de haber salido adelante ya que, para m\u00e1s inri, ven\u00eda seguida de una propuesta de \u00abdeploraci\u00f3n de los intentos de suspensi\u00f3n de las relaciones institucionales del Ejecutivo con la Generalitat\u00bb. El grupo catal\u00e1n pon\u00eda como ejemplo de esto \u00faltimo <strong>\u00abla grave falta de voluntad pol\u00edtica del Estado\u00bb<\/strong> al convocar la Junta de Seguridad de Catalu\u00f1a y obstaculizar una nueva promoci\u00f3n de los Mossos d&#8217;Esquadra \u00aben un momento de grandes retos para proteger la seguridad de los ciudadanos\u00bb.<\/p>\n<p>El grupo catal\u00e1n justifica esta moci\u00f3n lamentando el tiempo transcurrido desde los primeros intentos desde la Generalitat de acordar con el Estado la celebaci\u00f3n de un refer\u00e9ndum de autodeterminaci\u00f3n con el fin de dar respuesta a una demanda que considera <strong>\u00abampliamente mayoritaria\u00bb entre la sociedad catalana.<\/strong><\/p>\n<div class=\"teads-inread xs-screen\"><\/div>\n","protected":false},"excerpt":{"rendered":"<p>PP, PSOE y Ciudadanos responder\u00e1n con una sola voz y votar\u00e1n \u00abno\u00bb a una moci\u00f3n del PDeCAT para instar al Gobierno a permitir la consulta ilegal. El Pleno del Congreso propinar\u00e1 hoy un rotundo \u00abno\u00bb a las pretensiones del presidente de la Generalitat, Carles Puigdemont, de convocar un refer\u00e9ndum unilateral en Catalu\u00f1a el pr\u00f3ximo 1 [&hellip;]<\/p>\n","protected":false},"author":4,"featured_media":64841,"comment_status":"open","ping_status":"open","sticky":false,"template":"","format":"standard","meta":{"footnotes":""},"categories":[85,43],"tags":[],"class_list":["post-64840","post","type-post","status-publish","format-standard","has-post-thumbnail","hentry","category-espana","category-politica"],"_links":{"self":[{"href":"https:\/\/2horizontes.com\/index.php?rest_route=\/wp\/v2\/posts\/64840","targetHints":{"allow":["GET"]}}],"collection":[{"href":"https:\/\/2horizontes.com\/index.php?rest_route=\/wp\/v2\/posts"}],"about":[{"href":"https:\/\/2horizontes.com\/index.php?rest_route=\/wp\/v2\/types\/post"}],"author":[{"embeddable":true,"href":"https:\/\/2horizontes.com\/index.php?rest_route=\/wp\/v2\/users\/4"}],"replies":[{"embeddable":true,"href":"https:\/\/2horizontes.com\/index.php?rest_route=%2Fwp%2Fv2%2Fcomments&post=64840"}],"version-history":[{"count":1,"href":"https:\/\/2horizontes.com\/index.php?rest_route=\/wp\/v2\/posts\/64840\/revisions"}],"predecessor-version":[{"id":64842,"href":"https:\/\/2horizontes.com\/index.php?rest_route=\/wp\/v2\/posts\/64840\/revisions\/64842"}],"wp:featuredmedia":[{"embeddable":true,"href":"https:\/\/2horizontes.com\/index.php?rest_route=\/wp\/v2\/media\/64841"}],"wp:attachment":[{"href":"https:\/\/2horizontes.com\/index.php?rest_route=%2Fwp%2Fv2%2Fmedia&parent=64840"}],"wp:term":[{"taxonomy":"category","embeddable":true,"href":"https:\/\/2horizontes.com\/index.php?rest_route=%2Fwp%2Fv2%2Fcategories&post=64840"},{"taxonomy":"post_tag","embeddable":true,"href":"https:\/\/2horizontes.com\/index.php?rest_route=%2Fwp%2Fv2%2Ftags&post=64840"}],"curies":[{"name":"wp","href":"https:\/\/api.w.org\/{rel}","templated":true}]}}