{"id":64800,"date":"2017-06-19T08:33:40","date_gmt":"2017-06-19T07:33:40","guid":{"rendered":"http:\/\/2horizontes.com\/?p=64800"},"modified":"2017-06-19T08:33:40","modified_gmt":"2017-06-19T07:33:40","slug":"suben-a-62-los-muertos-en-el-incendio-de-portugal-donde-vuelve-el-viento-fuerte","status":"publish","type":"post","link":"https:\/\/2horizontes.com\/?p=64800","title":{"rendered":"Suben a 62 los muertos en el incendio de Portugal, donde vuelve el viento fuerte"},"content":{"rendered":"<p id=\"yui_3_18_0_3_1497856877986_2248\">Lisboa, 18 jun (EFE).- El balance de v\u00edctimas del incendio que asuela desde este s\u00e1bado el centro de Portugal asciende a 62 muertos y 57 heridos, seg\u00fan los \u00faltimos datos oficiales facilitados por las autoridades, que expresaron su preocupaci\u00f3n ante el regreso de fuertes vientos a la zona.<\/p>\n<p>El secretario de Estado de Administraci\u00f3n Interna, Jo\u00e3o Gomes, destac\u00f3 que el viento puede dificultar, a\u00fan m\u00e1s, las tareas de control y extinci\u00f3n del fuego, que contin\u00faa con varios frentes activos.<\/p>\n<p>De los 57 heridos, seis de ellos se encuentran en grave estado, de acuerdo con los datos ofrecidos por Gomes, a\u00fan provisionales, sobre la mayor tragedia de estas caracter\u00edsticas que se ha vivido en el pa\u00eds en los \u00faltimos a\u00f1os.<\/p>\n<p>Dos de las nuevas v\u00edctimas mortales fallecieron en un accidente de tr\u00e1fico en la zona, presumiblemente motivado por las llamas, seg\u00fan el secretario de Estado, quien a\u00f1adi\u00f3 que los bomberos esperan \u00abdentro de poco\u00bb extinguir dos de los cuatro frentes que permanecen activos.<\/p>\n<p>No obstante, Gomes subray\u00f3 que las autoridades est\u00e1n \u00abpreocupadas\u00bb por los vientos cruzados que empiezan a soplar en la zona, ya que eso conlleva que se entre \u00aben un escenario exactamente igual\u00bb al que provoc\u00f3 este s\u00e1bado la r\u00e1pida propagaci\u00f3n del fuego.<\/p>\n<p>En las tareas de extinci\u00f3n participan varios medios a\u00e9reos portugueses y dos aviones espa\u00f1oles que, indic\u00f3 el secretario de Estado, no consiguieron actuar en varias zonas porque \u00abla nube de humo era tan fuerte que los helic\u00f3pteros no consiguieron bajar hasta una zona en la que tuvieran visibilidad del incendio\u00bb.<\/p>\n<p>Las tareas avanzan con los medios terrestres, que suman m\u00e1s de 680 efectivos llegados de Set\u00fabal, Coimbra y Lisboa.<\/p>\n<p>Fuentes de la Polic\u00eda Judicial (PJ) dijeron a Efe que el impacto de un rayo en un \u00e1rbol seco es la causa m\u00e1s probable de este incendio, el m\u00e1s grave de los \u00faltimos a\u00f1os en Portugal.<\/p>\n<p id=\"yui_3_18_0_3_1497856877986_2379\">\u00abLa informaci\u00f3n recogida hasta el momento en el lugar del suceso nos permite pensar que, con un alto grado de certeza, la causa sea un rayo que alcanz\u00f3 un \u00e1rbol\u00bb, dijo el director nacional adjunto de la PJ, Pedro do Carmo, quien precis\u00f3 que ser\u00e1 necesaria una investigaci\u00f3n para confirmarlo.<\/p>\n","protected":false},"excerpt":{"rendered":"<p>Lisboa, 18 jun (EFE).- El balance de v\u00edctimas del incendio que asuela desde este s\u00e1bado el centro de Portugal asciende a 62 muertos y 57 heridos, seg\u00fan los \u00faltimos datos oficiales facilitados por las autoridades, que expresaron su preocupaci\u00f3n ante el regreso de fuertes vientos a la zona. El secretario de Estado de Administraci\u00f3n Interna, [&hellip;]<\/p>\n","protected":false},"author":1,"featured_media":64801,"comment_status":"open","ping_status":"open","sticky":false,"template":"","format":"standard","meta":{"footnotes":""},"categories":[86,84],"tags":[],"class_list":["post-64800","post","type-post","status-publish","format-standard","has-post-thumbnail","hentry","category-europa","category-otras-noticias"],"_links":{"self":[{"href":"https:\/\/2horizontes.com\/index.php?rest_route=\/wp\/v2\/posts\/64800","targetHints":{"allow":["GET"]}}],"collection":[{"href":"https:\/\/2horizontes.com\/index.php?rest_route=\/wp\/v2\/posts"}],"about":[{"href":"https:\/\/2horizontes.com\/index.php?rest_route=\/wp\/v2\/types\/post"}],"author":[{"embeddable":true,"href":"https:\/\/2horizontes.com\/index.php?rest_route=\/wp\/v2\/users\/1"}],"replies":[{"embeddable":true,"href":"https:\/\/2horizontes.com\/index.php?rest_route=%2Fwp%2Fv2%2Fcomments&post=64800"}],"version-history":[{"count":1,"href":"https:\/\/2horizontes.com\/index.php?rest_route=\/wp\/v2\/posts\/64800\/revisions"}],"predecessor-version":[{"id":64802,"href":"https:\/\/2horizontes.com\/index.php?rest_route=\/wp\/v2\/posts\/64800\/revisions\/64802"}],"wp:featuredmedia":[{"embeddable":true,"href":"https:\/\/2horizontes.com\/index.php?rest_route=\/wp\/v2\/media\/64801"}],"wp:attachment":[{"href":"https:\/\/2horizontes.com\/index.php?rest_route=%2Fwp%2Fv2%2Fmedia&parent=64800"}],"wp:term":[{"taxonomy":"category","embeddable":true,"href":"https:\/\/2horizontes.com\/index.php?rest_route=%2Fwp%2Fv2%2Fcategories&post=64800"},{"taxonomy":"post_tag","embeddable":true,"href":"https:\/\/2horizontes.com\/index.php?rest_route=%2Fwp%2Fv2%2Ftags&post=64800"}],"curies":[{"name":"wp","href":"https:\/\/api.w.org\/{rel}","templated":true}]}}