{"id":64722,"date":"2017-05-26T18:34:29","date_gmt":"2017-05-26T17:34:29","guid":{"rendered":"http:\/\/2horizontes.com\/?p=64722"},"modified":"2017-05-26T18:34:29","modified_gmt":"2017-05-26T17:34:29","slug":"ministerio-sp-confiere-categoria-de-epidemia-al-brote-de-conjuntivitis","status":"publish","type":"post","link":"https:\/\/2horizontes.com\/?p=64722","title":{"rendered":"Ministerio SP confiere categor\u00eda de epidemia al brote de conjuntivitis"},"content":{"rendered":"<p>SANTO DOMINGO.- El Ministerio de Salud P\u00fablica confiri\u00f3 categor\u00eda de epidemia al brote de conjuntivitis que, \u00a0en lo va de a\u00f1o, \u00a0ha afectado a 43, 874 personas en la Rep\u00fablica Dominicana.<\/p>\n<p>El\u00a0viceministro de Salud Colectiva, H\u00e9ctor Quezada; el director del programa de Atenci\u00f3n a las Personas, Jos\u00e9 Manuel Puello y la directora de Salud Visual, Juliana Margarita Gonz\u00e1lez revelaron en rueda de prensa que en las\u00a0\u00faltimas tres semanas han sido detectados \u00a08,343 casos por el Sistema de Vigilancia Epidemiol\u00f3gica.<\/p>\n<p>El Ministerio de Salud P\u00fablica ha informado que la mayor\u00eda de los casos de conjuntivitis que sufre la poblaci\u00f3n mejoran por s\u00ed mismos en pocos d\u00edas, incluso sin tratamiento, a la vez que ha recomendado recomend\u00f3 no automedicarse, para evitar complicaciones en el proceso infeccioso.<\/p>\n<div><\/div>\n<div id=\"texto\" class=\"texto_txt\">\n<div class=\"DETALLE_N_texto \">\n<p>Sin embargo, el organismo ha alertado \u00a0que se debe acudir lo m\u00e1s pronto posible a un centro de salud cuando la conjuntivitis se acompa\u00f1a de s\u00edntomas y signos como dolor moderado o intenso en los ojos, visi\u00f3n borrosa o sensibilidad a la luz; enrojecimiento intenso en el ojo o si los s\u00edntomas duran m\u00e1s de tres a cuatro d\u00edas.<\/p>\n<p>Tambi\u00e9n deben buscar atenci\u00f3n m\u00e9dica las personas con sistema inmunitario debilitado, por ejemplo, a causa del VIH, tratamiento contra el c\u00e1ncer, los reci\u00e9n nacidos o si se padece de afecciones preexistentes en los ojos.<\/p>\n<p>Salud P\u00fablica informa, adem\u00e1s, que las personas se contagian al ponerse en contacto con secreciones de las conjuntivas o v\u00edas respiratorias superiores de las personas infectadas por medio de los dedos, ropas u otros art\u00edculos contaminados como aplicadores de cosm\u00e9ticos para los ojos y otros.<\/p>\n<p>Explica que el inicio de los s\u00edntomas oscila entre las 24 a 72 horas y se transmite durante la infecci\u00f3n activa.<\/p>\n<p>Recomienda a la poblaci\u00f3n lavarse frecuentemente las manos con agua y jab\u00f3n, y despu\u00e9s del contacto con personas con conjuntivitis, evitar tocarse la cara o frotarse los ojos con las manos y descartar el uso compartido art\u00edculos de uso personal (pa\u00f1uelos, toallas, lentes, gafas, cosm\u00e9ticos de la cara, entre otros).<\/p>\n<p>La conjuntivitis es un s\u00edndrome cl\u00ednico que comienza con lagrimeo, irritaci\u00f3n y enrojecimiento de la parte blanca o del interior del p\u00e1rpado de uno o ambos ojos, seguido de hinchaz\u00f3n de los p\u00e1rpados y lega\u00f1as.<\/p>\n<\/div>\n<\/div>\n","protected":false},"excerpt":{"rendered":"<p>SANTO DOMINGO.- El Ministerio de Salud P\u00fablica confiri\u00f3 categor\u00eda de epidemia al brote de conjuntivitis que, \u00a0en lo va de a\u00f1o, \u00a0ha afectado a 43, 874 personas en la Rep\u00fablica Dominicana. El\u00a0viceministro de Salud Colectiva, H\u00e9ctor Quezada; el director del programa de Atenci\u00f3n a las Personas, Jos\u00e9 Manuel Puello y la directora de Salud Visual, [&hellip;]<\/p>\n","protected":false},"author":1,"featured_media":64723,"comment_status":"open","ping_status":"open","sticky":false,"template":"","format":"standard","meta":{"footnotes":""},"categories":[44,45],"tags":[],"class_list":["post-64722","post","type-post","status-publish","format-standard","has-post-thumbnail","hentry","category-republica-dominicana","category-salud"],"_links":{"self":[{"href":"https:\/\/2horizontes.com\/index.php?rest_route=\/wp\/v2\/posts\/64722","targetHints":{"allow":["GET"]}}],"collection":[{"href":"https:\/\/2horizontes.com\/index.php?rest_route=\/wp\/v2\/posts"}],"about":[{"href":"https:\/\/2horizontes.com\/index.php?rest_route=\/wp\/v2\/types\/post"}],"author":[{"embeddable":true,"href":"https:\/\/2horizontes.com\/index.php?rest_route=\/wp\/v2\/users\/1"}],"replies":[{"embeddable":true,"href":"https:\/\/2horizontes.com\/index.php?rest_route=%2Fwp%2Fv2%2Fcomments&post=64722"}],"version-history":[{"count":1,"href":"https:\/\/2horizontes.com\/index.php?rest_route=\/wp\/v2\/posts\/64722\/revisions"}],"predecessor-version":[{"id":64724,"href":"https:\/\/2horizontes.com\/index.php?rest_route=\/wp\/v2\/posts\/64722\/revisions\/64724"}],"wp:featuredmedia":[{"embeddable":true,"href":"https:\/\/2horizontes.com\/index.php?rest_route=\/wp\/v2\/media\/64723"}],"wp:attachment":[{"href":"https:\/\/2horizontes.com\/index.php?rest_route=%2Fwp%2Fv2%2Fmedia&parent=64722"}],"wp:term":[{"taxonomy":"category","embeddable":true,"href":"https:\/\/2horizontes.com\/index.php?rest_route=%2Fwp%2Fv2%2Fcategories&post=64722"},{"taxonomy":"post_tag","embeddable":true,"href":"https:\/\/2horizontes.com\/index.php?rest_route=%2Fwp%2Fv2%2Ftags&post=64722"}],"curies":[{"name":"wp","href":"https:\/\/api.w.org\/{rel}","templated":true}]}}