{"id":64504,"date":"2017-05-10T15:42:17","date_gmt":"2017-05-10T14:42:17","guid":{"rendered":"http:\/\/2horizontes.com\/?p=64504"},"modified":"2017-05-10T15:42:17","modified_gmt":"2017-05-10T14:42:17","slug":"comision-derechos-humanos-afirma-usaron-gas-pimienta-contra-jovenes","status":"publish","type":"post","link":"https:\/\/2horizontes.com\/?p=64504","title":{"rendered":"Comisi\u00f3n Derechos Humanos afirma usaron \u201cgas pimienta\u201d contra j\u00f3venes"},"content":{"rendered":"<p>SANTO DOMINGO, Rep\u00fablica Dominicana.- Aunque algunos medios period\u00edsticos locales informan que abandonaron el recinto pac\u00edficamente j\u00f3venes que ayer hab\u00edan \u201cocupado\u201d el antedespacho del Procurador General de la Rep\u00fablica, la Comisi\u00f3n Nacional de los Derechos Humanos (CNDH-RD)\u00a0afirma que \u00e9stos fueron agredidos con \u201cgas pimienta\u201d en este recinto<\/p>\n<p>La CNDH-RD se refiri\u00f3 al caso en un comunicado de prensa remitido anoche a ALMOMENTO.NET en el que, sin embargo,\u00a0 no ofrece detalles del incidente.<\/p>\n<p>El peri\u00f3dico Diario Libre informa que el grupo, de nueve j\u00f3venes, abandon\u00f3 la Procuradur\u00eda \u201cluego de la mediaci\u00f3n de varias personalidades\u201d y de entregar un documento\u201d, \u00a0que fue recibido por el procurador adjunto, Rodolfo Espi\u00f1eyra.\u00a0 Este \u00faltimo, de acuerdo al citado medio, \u00a0dijo que se dar\u00e1 seguimiento y se tramitar\u00e1n las inquietudes del grupo al procurador general Jean Alain Rodr\u00edguez.<\/p>\n<div><\/div>\n<p>Sin embargo, en su comunicado la Comisi\u00f3n Nacional de \u00a0los Derechos Humanos (CNDH-RD)\u00a0 dice que hubo una \u201c<strong>violenta agresi\u00f3n con gas pimienta\u201d <\/strong>en contra del grupo, a pesar de que \u00e9stos realizaban \u201cuna acci\u00f3n ciudadana pacifica de protesta y no una ocupaci\u00f3n como ha reportado la mayor\u00eda de los medios\u201d.<\/p>\n<p>Asegura que en la Rep\u00fablica Dominicana hay un \u201ccreciente clima de intolerancia y represi\u00f3n alrededor de los integrantes del movimiento Marcha Verde y de cada ciudadano que salga a condenar p\u00fablicamente la corrupci\u00f3n y la impunidad que reinan\u201d aqu\u00ed.<\/p>\n<p>Se\u00f1ala que ha informado de estos casos a organizaciones defensoras y promotoras de los derechos humanos internacionales, \u00a0como la Federaci\u00f3n Internacional de los Derechos Humanos (FIDH) y Amnist\u00eda International.<\/p>\n<p>&nbsp;<\/p>\n<p>&nbsp;<\/p>\n","protected":false},"excerpt":{"rendered":"<p>SANTO DOMINGO, Rep\u00fablica Dominicana.- Aunque algunos medios period\u00edsticos locales informan que abandonaron el recinto pac\u00edficamente j\u00f3venes que ayer hab\u00edan \u201cocupado\u201d el antedespacho del Procurador General de la Rep\u00fablica, la Comisi\u00f3n Nacional de los Derechos Humanos (CNDH-RD)\u00a0afirma que \u00e9stos fueron agredidos con \u201cgas pimienta\u201d en este recinto La CNDH-RD se refiri\u00f3 al caso en un comunicado [&hellip;]<\/p>\n","protected":false},"author":4,"featured_media":64505,"comment_status":"open","ping_status":"open","sticky":false,"template":"","format":"standard","meta":{"footnotes":""},"categories":[44],"tags":[],"class_list":["post-64504","post","type-post","status-publish","format-standard","has-post-thumbnail","hentry","category-republica-dominicana"],"_links":{"self":[{"href":"https:\/\/2horizontes.com\/index.php?rest_route=\/wp\/v2\/posts\/64504","targetHints":{"allow":["GET"]}}],"collection":[{"href":"https:\/\/2horizontes.com\/index.php?rest_route=\/wp\/v2\/posts"}],"about":[{"href":"https:\/\/2horizontes.com\/index.php?rest_route=\/wp\/v2\/types\/post"}],"author":[{"embeddable":true,"href":"https:\/\/2horizontes.com\/index.php?rest_route=\/wp\/v2\/users\/4"}],"replies":[{"embeddable":true,"href":"https:\/\/2horizontes.com\/index.php?rest_route=%2Fwp%2Fv2%2Fcomments&post=64504"}],"version-history":[{"count":1,"href":"https:\/\/2horizontes.com\/index.php?rest_route=\/wp\/v2\/posts\/64504\/revisions"}],"predecessor-version":[{"id":64506,"href":"https:\/\/2horizontes.com\/index.php?rest_route=\/wp\/v2\/posts\/64504\/revisions\/64506"}],"wp:featuredmedia":[{"embeddable":true,"href":"https:\/\/2horizontes.com\/index.php?rest_route=\/wp\/v2\/media\/64505"}],"wp:attachment":[{"href":"https:\/\/2horizontes.com\/index.php?rest_route=%2Fwp%2Fv2%2Fmedia&parent=64504"}],"wp:term":[{"taxonomy":"category","embeddable":true,"href":"https:\/\/2horizontes.com\/index.php?rest_route=%2Fwp%2Fv2%2Fcategories&post=64504"},{"taxonomy":"post_tag","embeddable":true,"href":"https:\/\/2horizontes.com\/index.php?rest_route=%2Fwp%2Fv2%2Ftags&post=64504"}],"curies":[{"name":"wp","href":"https:\/\/api.w.org\/{rel}","templated":true}]}}