{"id":64478,"date":"2017-05-10T06:44:07","date_gmt":"2017-05-10T05:44:07","guid":{"rendered":"http:\/\/2horizontes.com\/?p=64478"},"modified":"2017-05-10T06:44:07","modified_gmt":"2017-05-10T05:44:07","slug":"miembros-del-comite-central-del-pld-entregan-obras-de-bosch-al-ex-presidente-aznar","status":"publish","type":"post","link":"https:\/\/2horizontes.com\/?p=64478","title":{"rendered":"Miembros del Comit\u00e9 Central del PLD entregan obras de Bosch al ex presidente Aznar."},"content":{"rendered":"<p><strong>Madrid, Espa\u00f1a. <\/strong>Gracias a los esfuerzos \u00a0 de la direcci\u00f3n del Partido de la Liberaci\u00f3n Dominicana (PLD) en Europa, encabezado por su presidente y diputado Marcos Cross; \u00a0al junto de varios miembros del Comit\u00e9 Central de esa misma organizaci\u00f3n pol\u00edtica, le fue entregado al ex presidente del gobierno Espa\u00f1ol y del Partido Popular (PP), Jos\u00e9 Mar\u00eda Aznar; los escritos literarios del m\u00e1s ilustre pensador pol\u00edtico Dominicano de los \u00faltimos tiempos, Profesor Juan Emilio Bosch y Gavi\u00f1o.<\/p>\n<p>&nbsp;<\/p>\n<p>Las obras entregadas recogen el pensamiento Filos\u00f3fico, Pol\u00edtico, Hechos Novelescos; y Modus Vivendis, de Bosch y Gavi\u00f1o.<\/p>\n<p>&nbsp;<\/p>\n<p>Al momento de la entrega; Cross S\u00e1nchez, llam\u00f3 a la Juventud de hoy d\u00eda a \u00a0reencontrarse con la lectura Bochista, ya que esta sirve de referente para adquirir esos valores morales que tanta falta hace en algunos j\u00f3venes de nuestro pa\u00eds.<\/p>\n<p>&nbsp;<\/p>\n<p>La entrega se realiz\u00f3 esta misma semana en la ciudad de Madrid, capital Espa\u00f1ola, y los miembros del Comit\u00e9 Central del Partido de la Liberaci\u00f3n Dominicana (PLD) que formaron parte de la comisi\u00f3n de entrega fueron: El Secretario de la juventud Franklin Rodr\u00edguez, Domingo Jim\u00e9nez e Ignacio Diptren.<\/p>\n<p>&nbsp;<\/p>\n<p>Entre los ejemplares entregados, y recibidos por el ex presidente cabe rese\u00f1ar que abarca todas las obras como:<\/p>\n<p>&nbsp;<\/p>\n<p><strong>Cuentos.<\/strong><\/p>\n<p>&nbsp;<\/p>\n<ul>\n<li><em>La Mujer<\/em>\u00a0(1933)<\/li>\n<li><em>Camino Real<\/em>\u00a0(1933)<\/li>\n<li><em>La Bella Alma de Don Dami\u00e1n<\/em>\u00a0(1939)<\/li>\n<li><em>Dos Pesos de Agua<\/em>\u00a0(1941)<\/li>\n<li><em>Luis Pie<\/em>\u00a0(1942)<\/li>\n<li><em>Maravilla<\/em>\u00a0(1946)<\/li>\n<li><em>En Un Boh\u00edo<\/em>\u00a0(1947)<\/li>\n<li><em>Callej\u00f3n Pont\u00f3n<\/em>\u00a0(1948)<\/li>\n<li><em>La Muchacha de La Guaira<\/em>\u00a0(1955)<\/li>\n<li><em>Cuentos de Navidad<\/em>\u00a0(1956)<\/li>\n<li><em>Cuentos Escritos en el Exilio<\/em>\u00a0(1962)<\/li>\n<li><em>M\u00e1s Cuentos Escritos en el Exilio<\/em>\u00a0(1962)<\/li>\n<li><em>Cuentos Escritos Antes del Exilio<\/em><\/li>\n<li><em>Cuentos<\/em>\u00a0(1983)<\/li>\n<li><em>Cuentos Selectos<\/em>\u00a0(1992)<\/li>\n<li><em>El Algarrobo<\/em><\/li>\n<li><em>Cuentos M\u00e1s Que Completos<\/em><\/li>\n<li><em>Todo Un Hombre<\/em><\/li>\n<li><em>Fragata<\/em><\/li>\n<li><em>Dos Amigos<\/em><\/li>\n<li><em>Un Ni\u00f1o<\/em><\/li>\n<li><em>El R\u00edo y su Enemigo<\/em><\/li>\n<li><em>Un Hombre Virtuoso<\/em><\/li>\n<li><em>El Difunto Estaba Vivo<\/em><\/li>\n<li><em>Mal Tiempo<\/em><\/li>\n<li><em>El Socio<\/em><\/li>\n<li><em>Capit\u00e1n<\/em><\/li>\n<li><em>Los \u00daltimos Monstruos<\/em><\/li>\n<li><em>Rosa<\/em><\/li>\n<li><em>La Nochebuena de Encarnaci\u00f3n Mendoza<\/em><\/li>\n<li><em>La Verdad<\/em><\/li>\n<li><em>Los Amos<\/em><\/li>\n<li><em>La Mancha indeleble<\/em><\/li>\n<\/ul>\n<p>&nbsp;<\/p>\n<p><strong>Novelas.<\/strong><\/p>\n<p>&nbsp;<\/p>\n<ul>\n<li><em>La Ma\u00f1osa<\/em>\u00a0(1936)<\/li>\n<li><em>El Oro y la Paz<\/em>\u00a0(1975)<\/li>\n<\/ul>\n","protected":false},"excerpt":{"rendered":"<p>Madrid, Espa\u00f1a. Gracias a los esfuerzos \u00a0 de la direcci\u00f3n del Partido de la Liberaci\u00f3n Dominicana (PLD) en Europa, encabezado por su presidente y diputado Marcos Cross; \u00a0al junto de varios miembros del Comit\u00e9 Central de esa misma organizaci\u00f3n pol\u00edtica, le fue entregado al ex presidente del gobierno Espa\u00f1ol y del Partido Popular (PP), Jos\u00e9 [&hellip;]<\/p>\n","protected":false},"author":4,"featured_media":64479,"comment_status":"open","ping_status":"open","sticky":false,"template":"","format":"standard","meta":{"footnotes":""},"categories":[62,85,43,44],"tags":[],"class_list":["post-64478","post","type-post","status-publish","format-standard","has-post-thumbnail","hentry","category-cultura","category-espana","category-politica","category-republica-dominicana"],"_links":{"self":[{"href":"https:\/\/2horizontes.com\/index.php?rest_route=\/wp\/v2\/posts\/64478","targetHints":{"allow":["GET"]}}],"collection":[{"href":"https:\/\/2horizontes.com\/index.php?rest_route=\/wp\/v2\/posts"}],"about":[{"href":"https:\/\/2horizontes.com\/index.php?rest_route=\/wp\/v2\/types\/post"}],"author":[{"embeddable":true,"href":"https:\/\/2horizontes.com\/index.php?rest_route=\/wp\/v2\/users\/4"}],"replies":[{"embeddable":true,"href":"https:\/\/2horizontes.com\/index.php?rest_route=%2Fwp%2Fv2%2Fcomments&post=64478"}],"version-history":[{"count":1,"href":"https:\/\/2horizontes.com\/index.php?rest_route=\/wp\/v2\/posts\/64478\/revisions"}],"predecessor-version":[{"id":64480,"href":"https:\/\/2horizontes.com\/index.php?rest_route=\/wp\/v2\/posts\/64478\/revisions\/64480"}],"wp:featuredmedia":[{"embeddable":true,"href":"https:\/\/2horizontes.com\/index.php?rest_route=\/wp\/v2\/media\/64479"}],"wp:attachment":[{"href":"https:\/\/2horizontes.com\/index.php?rest_route=%2Fwp%2Fv2%2Fmedia&parent=64478"}],"wp:term":[{"taxonomy":"category","embeddable":true,"href":"https:\/\/2horizontes.com\/index.php?rest_route=%2Fwp%2Fv2%2Fcategories&post=64478"},{"taxonomy":"post_tag","embeddable":true,"href":"https:\/\/2horizontes.com\/index.php?rest_route=%2Fwp%2Fv2%2Ftags&post=64478"}],"curies":[{"name":"wp","href":"https:\/\/api.w.org\/{rel}","templated":true}]}}