{"id":64472,"date":"2017-05-09T10:24:45","date_gmt":"2017-05-09T09:24:45","guid":{"rendered":"http:\/\/2horizontes.com\/?p=64472"},"modified":"2017-05-09T10:24:45","modified_gmt":"2017-05-09T09:24:45","slug":"portugal-cierra-la-mayor-parte-de-la-frontera-con-espana-por-la-visita-del-papa","status":"publish","type":"post","link":"https:\/\/2horizontes.com\/?p=64472","title":{"rendered":"Portugal cierra la mayor parte de la frontera con Espa\u00f1a por la visita del Papa"},"content":{"rendered":"<p>La visita del <a href=\"http:\/\/elpais.com\/tag\/francisco_i\/a\/\" target=\"_top\">Papa Francisco<\/a> a F\u00e1tima (Portugal) este fin de semana provocar\u00e1 un inusual cierre de fronteras con el pa\u00eds vecino por \u00abmotivos de seguridad interna y orden p\u00fablico\u00bb. Entre el mi\u00e9rcoles d\u00eda 10 de mayo y el s\u00e1bado d\u00eda 13, buena parte de los pasos que permiten la entrada libre desde Espa\u00f1a a territorio luso se cortar\u00e1n y en <a href=\"http:\/\/internacional.elpais.com\/internacional\/2017\/03\/30\/actualidad\/1490874001_705707.html\" target=\"_top\">los nueve que s\u00ed permanecer\u00e1n operativos<\/a>se restablecer\u00e1n los controles de documentaci\u00f3n que se realizaban anta\u00f1o, seg\u00fan ha decidido el Gobierno portugu\u00e9s y han confirmado fuentes oficiales de la Guardia Civil espa\u00f1ola.<\/p>\n<p>(Pontevedra)-Valen\u00e7a do Minho; Ver\u00edn (Ourense)-Chaves; Quintanilla (Zamora)-Bragan\u00e7a; Fuentes de O\u00f1oro (Salamanca)-Vilar Formoso-Guarda; Coria (Extremadura)-Termas de Monfortinho-Castelo Branco; Valencia de Alc\u00e1ntara (C\u00e1ceres)-Marv\u00e3o-Portalegre; Badajoz-Caia-Elvas; Rosal de la Frontera (Huelva)-Vila Verde de Ficalho-Beja; puente internacional del r\u00edo Guadiana-Castro Marim.<\/p>\n<p>En Galicia, una comunidad que disfruta de lazos culturales y un intenso trasiego diario en la frontera con Portugal, la Guardia Civil de Pontevedra se ha adelantado a la sede del instituto armado en Madrid y ya ha detallado c\u00f3mo se organizar\u00e1n los controles. Todos los pasos de la provincia se cerrar\u00e1n excepto el de la localidad de Tui, lim\u00edtrofe con Valen\u00e7a do Minho, en donde se fijar\u00e1 un control fronterizo documental para las personas que deseen acceder al pa\u00eds vecino entre las 00,00 horas del 10 de mayo y la medianoche del d\u00eda 13.<\/p>\n","protected":false},"excerpt":{"rendered":"<p>La visita del Papa Francisco a F\u00e1tima (Portugal) este fin de semana provocar\u00e1 un inusual cierre de fronteras con el pa\u00eds vecino por \u00abmotivos de seguridad interna y orden p\u00fablico\u00bb. Entre el mi\u00e9rcoles d\u00eda 10 de mayo y el s\u00e1bado d\u00eda 13, buena parte de los pasos que permiten la entrada libre desde Espa\u00f1a a [&hellip;]<\/p>\n","protected":false},"author":3,"featured_media":64473,"comment_status":"open","ping_status":"open","sticky":false,"template":"","format":"standard","meta":{"footnotes":""},"categories":[85,40],"tags":[],"class_list":["post-64472","post","type-post","status-publish","format-standard","has-post-thumbnail","hentry","category-espana","category-internacionales"],"_links":{"self":[{"href":"https:\/\/2horizontes.com\/index.php?rest_route=\/wp\/v2\/posts\/64472","targetHints":{"allow":["GET"]}}],"collection":[{"href":"https:\/\/2horizontes.com\/index.php?rest_route=\/wp\/v2\/posts"}],"about":[{"href":"https:\/\/2horizontes.com\/index.php?rest_route=\/wp\/v2\/types\/post"}],"author":[{"embeddable":true,"href":"https:\/\/2horizontes.com\/index.php?rest_route=\/wp\/v2\/users\/3"}],"replies":[{"embeddable":true,"href":"https:\/\/2horizontes.com\/index.php?rest_route=%2Fwp%2Fv2%2Fcomments&post=64472"}],"version-history":[{"count":1,"href":"https:\/\/2horizontes.com\/index.php?rest_route=\/wp\/v2\/posts\/64472\/revisions"}],"predecessor-version":[{"id":64474,"href":"https:\/\/2horizontes.com\/index.php?rest_route=\/wp\/v2\/posts\/64472\/revisions\/64474"}],"wp:featuredmedia":[{"embeddable":true,"href":"https:\/\/2horizontes.com\/index.php?rest_route=\/wp\/v2\/media\/64473"}],"wp:attachment":[{"href":"https:\/\/2horizontes.com\/index.php?rest_route=%2Fwp%2Fv2%2Fmedia&parent=64472"}],"wp:term":[{"taxonomy":"category","embeddable":true,"href":"https:\/\/2horizontes.com\/index.php?rest_route=%2Fwp%2Fv2%2Fcategories&post=64472"},{"taxonomy":"post_tag","embeddable":true,"href":"https:\/\/2horizontes.com\/index.php?rest_route=%2Fwp%2Fv2%2Ftags&post=64472"}],"curies":[{"name":"wp","href":"https:\/\/api.w.org\/{rel}","templated":true}]}}