{"id":64469,"date":"2017-05-09T10:22:08","date_gmt":"2017-05-09T09:22:08","guid":{"rendered":"http:\/\/2horizontes.com\/?p=64469"},"modified":"2017-05-09T10:22:08","modified_gmt":"2017-05-09T09:22:08","slug":"el-nuevo-mister-espana-el-fisico-me-abre-puertas-lamentablemente","status":"publish","type":"post","link":"https:\/\/2horizontes.com\/?p=64469","title":{"rendered":"El nuevo Mister Espa\u00f1a: \u00abEl f\u00edsico me abre puertas, lamentablemente\u00bb"},"content":{"rendered":"<p>Moreno, con tatuajes, de ojos marrones y con una altura de 1,87. As\u00ed es <strong>el vizca\u00edno Rub\u00e9n Castilleiro<\/strong>, de 23 a\u00f1os, que se ha coronado este s\u00e1bado 6 de mayo como <strong>M\u00edster Internacional Espa\u00f1a 2017 <\/strong>en una espectacular gala celebrada en Almonte (Huelva). Este joven, que <strong>se present\u00f3 tambi\u00e9n el a\u00f1o pasado <\/strong>al certamen y que lleg\u00f3 a colarse en el &#8216;top 10&#8217;, demostr\u00f3 a un jurado exigente el enorme esp\u00edritu de superaci\u00f3n y valent\u00eda a la hora de volver a afrontar este reto. Su perseverancia ha dado sus frutos y ahora <strong>representar\u00e1 a Espa\u00f1a <\/strong>en el certamen internacional que se celebrar\u00e1 en Asia a finales de a\u00f1o.<\/p>\n","protected":false},"excerpt":{"rendered":"<p>Moreno, con tatuajes, de ojos marrones y con una altura de 1,87. As\u00ed es el vizca\u00edno Rub\u00e9n Castilleiro, de 23 a\u00f1os, que se ha coronado este s\u00e1bado 6 de mayo como M\u00edster Internacional Espa\u00f1a 2017 en una espectacular gala celebrada en Almonte (Huelva). Este joven, que se present\u00f3 tambi\u00e9n el a\u00f1o pasado al certamen y [&hellip;]<\/p>\n","protected":false},"author":3,"featured_media":64470,"comment_status":"open","ping_status":"open","sticky":false,"template":"","format":"standard","meta":{"footnotes":""},"categories":[1,85],"tags":[],"class_list":["post-64469","post","type-post","status-publish","format-standard","has-post-thumbnail","hentry","category-entretenimiento","category-espana"],"_links":{"self":[{"href":"https:\/\/2horizontes.com\/index.php?rest_route=\/wp\/v2\/posts\/64469","targetHints":{"allow":["GET"]}}],"collection":[{"href":"https:\/\/2horizontes.com\/index.php?rest_route=\/wp\/v2\/posts"}],"about":[{"href":"https:\/\/2horizontes.com\/index.php?rest_route=\/wp\/v2\/types\/post"}],"author":[{"embeddable":true,"href":"https:\/\/2horizontes.com\/index.php?rest_route=\/wp\/v2\/users\/3"}],"replies":[{"embeddable":true,"href":"https:\/\/2horizontes.com\/index.php?rest_route=%2Fwp%2Fv2%2Fcomments&post=64469"}],"version-history":[{"count":1,"href":"https:\/\/2horizontes.com\/index.php?rest_route=\/wp\/v2\/posts\/64469\/revisions"}],"predecessor-version":[{"id":64471,"href":"https:\/\/2horizontes.com\/index.php?rest_route=\/wp\/v2\/posts\/64469\/revisions\/64471"}],"wp:featuredmedia":[{"embeddable":true,"href":"https:\/\/2horizontes.com\/index.php?rest_route=\/wp\/v2\/media\/64470"}],"wp:attachment":[{"href":"https:\/\/2horizontes.com\/index.php?rest_route=%2Fwp%2Fv2%2Fmedia&parent=64469"}],"wp:term":[{"taxonomy":"category","embeddable":true,"href":"https:\/\/2horizontes.com\/index.php?rest_route=%2Fwp%2Fv2%2Fcategories&post=64469"},{"taxonomy":"post_tag","embeddable":true,"href":"https:\/\/2horizontes.com\/index.php?rest_route=%2Fwp%2Fv2%2Ftags&post=64469"}],"curies":[{"name":"wp","href":"https:\/\/api.w.org\/{rel}","templated":true}]}}