{"id":64460,"date":"2017-05-09T10:08:38","date_gmt":"2017-05-09T09:08:38","guid":{"rendered":"http:\/\/2horizontes.com\/?p=64460"},"modified":"2017-05-09T10:08:38","modified_gmt":"2017-05-09T09:08:38","slug":"el-caso-de-theo-eleva-la-tension-entre-atletico-y-madrid-de-cara-al-derbi","status":"publish","type":"post","link":"https:\/\/2horizontes.com\/?p=64460","title":{"rendered":"El caso de Theo eleva la tensi\u00f3n entre Atl\u00e9tico y Madrid de cara al derbi"},"content":{"rendered":"<p>A solo dos d\u00edas <a href=\"http:\/\/deportes.elpais.com\/deportes\/2017\/05\/07\/actualidad\/1494188440_752527.html\" target=\"_blank\" rel=\"noopener noreferrer\">del partido de vuelta de las semifinales<\/a> de la Copa de Europa, <a href=\"http:\/\/elpais.com\/tag\/theo_hernandez\/a\/\" target=\"_blank\" rel=\"noopener noreferrer\">Theo Hern\u00e1ndez,<\/a> jugador del Atl\u00e9tico de Madrid cedido en el Alav\u00e9s, pas\u00f3 por la ma\u00f1ana un reconocimiento m\u00e9dico como requisito previo a la formalizaci\u00f3n de su compromiso para convertirse en jugador del <a href=\"http:\/\/elpais.com\/tag\/real_madrid\/a\" target=\"_blank\" rel=\"noopener noreferrer\">Real Madrid<\/a> a partir del pr\u00f3ximo verano.<\/p>\n<p>Estepaso agita todav\u00eda m\u00e1s el derbi de ma\u00f1ana, enrarecido ya desde la pancarta \u2014\u201cDecidme qu\u00e9 se siente\u201d\u2014 referente a las finales de Lisboa y Mil\u00e1n con la que parte de la hinchada madridista recibi\u00f3 al Atl\u00e9tico en el partido de ida disputado en el Santiago Bernab\u00e9u (3-0).<\/p>\n<p>Las respuestas ofrecidas por el club rojiblanco desde las redes sociales con un <em>hasthag<\/em>, \u201cNo lo pueden entender\u201d, y con los tuits \u201cTe quiero por tus valores, no por lo que ganas\u201d y \u201cSaber ganar, saber perder\u201d, han elevado en los \u00faltimos d\u00edas el clima de una guerra fr\u00eda soterrada que ha aflorado con este controvertido fichaje.<\/p>\n","protected":false},"excerpt":{"rendered":"<p>A solo dos d\u00edas del partido de vuelta de las semifinales de la Copa de Europa, Theo Hern\u00e1ndez, jugador del Atl\u00e9tico de Madrid cedido en el Alav\u00e9s, pas\u00f3 por la ma\u00f1ana un reconocimiento m\u00e9dico como requisito previo a la formalizaci\u00f3n de su compromiso para convertirse en jugador del Real Madrid a partir del pr\u00f3ximo verano. [&hellip;]<\/p>\n","protected":false},"author":3,"featured_media":64461,"comment_status":"open","ping_status":"open","sticky":false,"template":"","format":"standard","meta":{"footnotes":""},"categories":[42],"tags":[],"class_list":["post-64460","post","type-post","status-publish","format-standard","has-post-thumbnail","hentry","category-deportes"],"_links":{"self":[{"href":"https:\/\/2horizontes.com\/index.php?rest_route=\/wp\/v2\/posts\/64460","targetHints":{"allow":["GET"]}}],"collection":[{"href":"https:\/\/2horizontes.com\/index.php?rest_route=\/wp\/v2\/posts"}],"about":[{"href":"https:\/\/2horizontes.com\/index.php?rest_route=\/wp\/v2\/types\/post"}],"author":[{"embeddable":true,"href":"https:\/\/2horizontes.com\/index.php?rest_route=\/wp\/v2\/users\/3"}],"replies":[{"embeddable":true,"href":"https:\/\/2horizontes.com\/index.php?rest_route=%2Fwp%2Fv2%2Fcomments&post=64460"}],"version-history":[{"count":1,"href":"https:\/\/2horizontes.com\/index.php?rest_route=\/wp\/v2\/posts\/64460\/revisions"}],"predecessor-version":[{"id":64462,"href":"https:\/\/2horizontes.com\/index.php?rest_route=\/wp\/v2\/posts\/64460\/revisions\/64462"}],"wp:featuredmedia":[{"embeddable":true,"href":"https:\/\/2horizontes.com\/index.php?rest_route=\/wp\/v2\/media\/64461"}],"wp:attachment":[{"href":"https:\/\/2horizontes.com\/index.php?rest_route=%2Fwp%2Fv2%2Fmedia&parent=64460"}],"wp:term":[{"taxonomy":"category","embeddable":true,"href":"https:\/\/2horizontes.com\/index.php?rest_route=%2Fwp%2Fv2%2Fcategories&post=64460"},{"taxonomy":"post_tag","embeddable":true,"href":"https:\/\/2horizontes.com\/index.php?rest_route=%2Fwp%2Fv2%2Ftags&post=64460"}],"curies":[{"name":"wp","href":"https:\/\/api.w.org\/{rel}","templated":true}]}}