{"id":64457,"date":"2017-05-09T10:05:43","date_gmt":"2017-05-09T09:05:43","guid":{"rendered":"http:\/\/2horizontes.com\/?p=64457"},"modified":"2017-05-09T10:05:43","modified_gmt":"2017-05-09T09:05:43","slug":"dos-diputados-de-podemos-identificados-por-la-policia-por-coacciones-durante-una-ocupacion","status":"publish","type":"post","link":"https:\/\/2horizontes.com\/?p=64457","title":{"rendered":"Dos diputados de Podemos identificados por la Polic\u00eda por coacciones durante una ocupaci\u00f3n"},"content":{"rendered":"<p>La Polic\u00eda ha identificado a un diputado de de <a href=\"http:\/\/www.madridactual.es\/en-madrid-hoy\/podemos\"><strong>Unidos Podemos<\/strong><\/a> en el Congreso y a otro de la <a href=\"http:\/\/www.madridactual.es\/en-madrid-hoy\/asamblea-de-madrid\"><strong>Asamblea de Madrid<\/strong><\/a> por supuestamente haber tratado de coaccionar verbalmente a varios agentes durante una protesta junto a un edificio okupado en el centro de Madrid, coacciones negadas por fuentes del partido.<\/p>\n<p>Seg\u00fan fuentes policiales, los hechos ocurrieron a ra\u00edz de una concentraci\u00f3n en la calle Gobernador en apoyo a una veintena de personas procedentes de varios colectivos que hab\u00edan accedido a un edificio municipal que ya hab\u00eda sido anteriormente okupado por el colectivo Patio Maravillas en 2015.<\/p>\n<p>Debido a que la concentraci\u00f3n imped\u00eda el tr\u00e1nsito de veh\u00edculos y el acceso de los agentes al inmueble para verificar si hab\u00eda existido una irrupci\u00f3n por la fuerza, y adem\u00e1s no se hab\u00eda notificado a la Delegaci\u00f3n del Gobierno, los agentes trataron de identificar a varias de las personas que se encontraban en la zona.<\/p>\n<p>Las mismas fuentes apuntan que, cuando se dirigieron a la representante legal del grupo, esta se encontraba con tres diputados: uno de la Asamblea y dos del Congreso.<\/p>\n<p>De acuerdo al relato de los agentes, el diputado en la Asamblea Isidro L\u00f3pez se neg\u00f3 a ense\u00f1ar su DNI y, tras mostrar su identificaci\u00f3n de diputado en la Asamblea, les dijo: \u00abDe hecho t\u00fa est\u00e1s bajo mi mando y te tienes que cuadrar, vosotros lo que ten\u00e9is que hacer es aprenderos las leyes, yo estoy aforado y no pod\u00e9is hacerme nada\u00bb.<\/p>\n","protected":false},"excerpt":{"rendered":"<p>La Polic\u00eda ha identificado a un diputado de de Unidos Podemos en el Congreso y a otro de la Asamblea de Madrid por supuestamente haber tratado de coaccionar verbalmente a varios agentes durante una protesta junto a un edificio okupado en el centro de Madrid, coacciones negadas por fuentes del partido. Seg\u00fan fuentes policiales, los [&hellip;]<\/p>\n","protected":false},"author":3,"featured_media":64458,"comment_status":"open","ping_status":"open","sticky":false,"template":"","format":"standard","meta":{"footnotes":""},"categories":[85,43],"tags":[],"class_list":["post-64457","post","type-post","status-publish","format-standard","has-post-thumbnail","hentry","category-espana","category-politica"],"_links":{"self":[{"href":"https:\/\/2horizontes.com\/index.php?rest_route=\/wp\/v2\/posts\/64457","targetHints":{"allow":["GET"]}}],"collection":[{"href":"https:\/\/2horizontes.com\/index.php?rest_route=\/wp\/v2\/posts"}],"about":[{"href":"https:\/\/2horizontes.com\/index.php?rest_route=\/wp\/v2\/types\/post"}],"author":[{"embeddable":true,"href":"https:\/\/2horizontes.com\/index.php?rest_route=\/wp\/v2\/users\/3"}],"replies":[{"embeddable":true,"href":"https:\/\/2horizontes.com\/index.php?rest_route=%2Fwp%2Fv2%2Fcomments&post=64457"}],"version-history":[{"count":1,"href":"https:\/\/2horizontes.com\/index.php?rest_route=\/wp\/v2\/posts\/64457\/revisions"}],"predecessor-version":[{"id":64459,"href":"https:\/\/2horizontes.com\/index.php?rest_route=\/wp\/v2\/posts\/64457\/revisions\/64459"}],"wp:featuredmedia":[{"embeddable":true,"href":"https:\/\/2horizontes.com\/index.php?rest_route=\/wp\/v2\/media\/64458"}],"wp:attachment":[{"href":"https:\/\/2horizontes.com\/index.php?rest_route=%2Fwp%2Fv2%2Fmedia&parent=64457"}],"wp:term":[{"taxonomy":"category","embeddable":true,"href":"https:\/\/2horizontes.com\/index.php?rest_route=%2Fwp%2Fv2%2Fcategories&post=64457"},{"taxonomy":"post_tag","embeddable":true,"href":"https:\/\/2horizontes.com\/index.php?rest_route=%2Fwp%2Fv2%2Ftags&post=64457"}],"curies":[{"name":"wp","href":"https:\/\/api.w.org\/{rel}","templated":true}]}}