{"id":64409,"date":"2017-05-05T09:05:01","date_gmt":"2017-05-05T08:05:01","guid":{"rendered":"http:\/\/2horizontes.com\/?p=64409"},"modified":"2017-05-05T09:05:01","modified_gmt":"2017-05-05T08:05:01","slug":"5-escenas-de-violencia-de-una-intensa-jornada-de-protestas-en-venezuela-en-contra-del-gobierno-de-nicolas-maduro","status":"publish","type":"post","link":"https:\/\/2horizontes.com\/?p=64409","title":{"rendered":"5 escenas de violencia de una intensa jornada de protestas en Venezuela en contra del gobierno de Nicol\u00e1s Maduro"},"content":{"rendered":"<p class=\"story-body__introduction\">Escenas de fuerte violencia, un muerto y centenares de heridos. Eso fue lo que dej\u00f3 este mi\u00e9rcoles una nueva jornada de protestas en Venezuela.<\/p>\n<p>Fue la primera gran movilizaci\u00f3n de la oposici\u00f3n contra la convocatoria de una Asamblea Nacional Constituyente por parte del presidente Nicol\u00e1s Maduro, quien le entreg\u00f3 al Consejo Nacional Electoral (CNE) su decreto que formaliza ese llamado.<\/p>\n<p>En un video que se hizo viral en Venezuela, se ve a <strong>Maduro en televisi\u00f3n cantando y bailando<\/strong> tras presentar el documento.<\/p>\n<ul class=\"story-body__unordered-list\">\n<li class=\"story-body__list-item\">Qu\u00e9 es y qu\u00e9 significa la Asamblea Nacional Constituyente que convoc\u00f3 el presidente Nicol\u00e1s Maduro en Venezuela<\/li>\n<li class=\"story-body__list-item\">\u00bfCu\u00e1l es la apuesta de Nicol\u00e1s Maduro al convocar a una Asamblea Constituyente en Venezuela?<\/li>\n<\/ul>\n<p>Luego, la c\u00e1mara se gira y muestra desde una ventana c\u00f3mo las fuerzas de seguridad lanzan bombas lacrim\u00f3genas contra los manifestantes, que intentaban en vano llegar a la Asamblea Nacional. (Pueden verlo en este tuit)<\/p>\n<p>Las protestas de este mi\u00e9rcoles, que volvieron a ser duramente reprimidas por las fuerzas de seguridad, dejaron unos <strong>350 herid<\/strong><strong>o<\/strong><strong>s<\/strong>, seg\u00fan informaron las alcald\u00edas opositoras de Baruta y Chacao.<\/p>\n<ul class=\"story-body__unordered-list\">\n<li class=\"story-body__list-item\">C\u00f3mo Venezuela se volvi\u00f3 una prueba crucial para la relaci\u00f3n de Donald Trump con Am\u00e9rica Latina<\/li>\n<li class=\"story-body__list-item\">Del \u00abno votar\u00eda m\u00e1s por ellos\u00bb al \u00absoy feliz en la revoluci\u00f3n\u00bb: as\u00ed se ve la crisis desde Maracaibo, la segunda ciudad de Venezuela<\/li>\n<\/ul>\n<p>Las avenidas de numerosas ciudades del pa\u00eds permanecieron cortadas durante horas por <strong>las barricadas levantadas por los manifestantes<\/strong>.<\/p>\n<p>BBC Mundo le solicit\u00f3 al gobierno informaci\u00f3n sobre los hechos de violencia, pero no obtuvo respuesta, aunque el Ministerio de Interior y Justicia dijo p\u00fablicamente que estaba investigando la muerte de un manifestante en Caracas.<\/p>\n<ul class=\"story-body__unordered-list\">\n<li class=\"story-body__list-item\">\u00abNo hay tanqueta, bomba o militar que nos saque de las calles\u00bb: los estudiantes universitarios que protestan contra la represi\u00f3n a las protestas en Venezuela<\/li>\n<\/ul>\n<p>Esta jornada se puede resumir en algunas de las fotograf\u00edas y videos que reflejan la tensi\u00f3n que se vive en Venezuela desde principios de abril, a ra\u00edz de unas sentencias en las que el Tribunal Supremo de Justicia del pa\u00eds asum\u00eda las potestades de la Asamblea Nacional, controlada por la oposici\u00f3n.<\/p>\n<p>Estos son algunos de los documentos gr\u00e1ficos que BBC Mundo logr\u00f3 verificar.<\/p>\n<h2 class=\"story-body__crosshead\">1. Una muerte por \u00abtrauma penetrante\u00bb<\/h2>\n<figure class=\"media-with-caption\">\n<div class=\"player-with-placeholder\"><img decoding=\"async\" class=\"media-placeholder player-with-placeholder__image narrative-video-placeholder\" src=\"https:\/\/ichef.bbci.co.uk\/images\/ic\/720x405\/p051xfkh.jpg\" \/><\/p>\n<div class=\"player-with-placeholder\">\n<div class=\"media-player-wrapper\">\n<div id=\"sticky-player-1\">\n<div class=\"sticky-player__wrapper\">\n<div class=\"sticky-player__player\"><\/div>\n<div class=\"sticky-player__body\"><\/div>\n<\/div>\n<\/div>\n<\/div>\n<\/div>\n<\/div><figcaption class=\"media-with-caption__caption\">El momento en que Armando Ca\u00f1izales, un joven que luego muri\u00f3, es llevado en una moto a una ambulancia.<\/figcaption><\/figure>\n<p>En medio de una protesta en la zona de Las Mercedes, en Caracas, el enfrentamiento entre autoridades y manifestantes dej\u00f3 <strong>un muerto<\/strong>.<\/p>\n<p>Se trata de Armando Ca\u00f1izales, de 18 a\u00f1os, quien falleci\u00f3 por un \u00ab<strong>trauma penetrante en el cuello sin salida que produjo shock y paro cardior<\/strong><strong>r<\/strong><strong>espiratorio<\/strong>\u00ab, seg\u00fan inform\u00f3 el alcalde opositor del municipio de Baruta, Gerardo Blyde.<\/p>\n<p>El hecho es investigado por la Fiscal\u00eda.<\/p>\n<p>El video en el que Ca\u00f1izales es trasladado a una ambulancia en una moto se hizo viral en redes sociales, sobre todo despu\u00e9s de que se conociera su muerte.<\/p>\n<p>El periodista del portal Caraota Digital que lo grab\u00f3, Luis Olavarrieta, le dijo a BBC Mundo que en ese momento la \u00abrepresi\u00f3n ya cumpl\u00eda cuatro horas\u00bb.<\/p>\n<p>\u00abY este muchacho, muy valiente, era de los primeros en la l\u00ednea opositora\u00bb, recuerda.<\/p>\n<p>\u00ab<strong>De repente \u00e9l salta hacia m\u00ed, intenta quitarse la careta y se cae<\/strong>. Lo recogen su hermano y otra persona y ah\u00ed es cuando empiezo a grabar\u00bb.<\/p>\n<p>Despu\u00e9s se ve en el video el ca\u00f3tico trayecto hacia la ambulancia, donde luego se genera un forcejeo entre el hermano y los param\u00e9dicos.<\/p>\n<p>Minutos despu\u00e9s, inform\u00f3 Blyde, Ca\u00f1izales falleci\u00f3 \u00abmientras era asistido\u00bb.<\/p>\n<p>El ministro de Interior y Justicia venezolano, Nestor Reverol, dijo que se han designado equipos especiales del Cuerpo de Investigaciones Cient\u00edficas, Penales y Criminal\u00edsticas (Cicpc) para llevar a cabo las investigaciones de campo.<\/p>\n<h2 class=\"story-body__crosshead\">2. Tanqueta que pasa por encima de manifestantes<\/h2>\n<figure class=\"media-landscape has-caption full-width\"><span class=\"image-and-copyright-container\"><img loading=\"lazy\" decoding=\"async\" class=\"responsive-image__img js-image-replace\" src=\"https:\/\/ichef.bbci.co.uk\/news\/624\/cpsprodpb\/11AB1\/production\/_95896327_tanquetaafp1.jpg\" alt=\"Protestas en Venezuela\" width=\"976\" height=\"549\" data-highest-encountered-width=\"624\" \/><span class=\"off-screen\">Derechos de autor de la imagen<\/span><span class=\"story-image-copyright\">AFP\/FEDERICO PARRA<\/span><\/span><figcaption class=\"media-caption\"><span class=\"off-screen\">Image caption<\/span><span class=\"media-caption__text\">La tanqueta pas\u00f3 por encima del manifestante en un momento de caos.<\/span><\/figcaption><\/figure>\n<figure class=\"media-landscape has-caption full-width\"><span class=\"image-and-copyright-container\"><img loading=\"lazy\" decoding=\"async\" class=\"responsive-image__img js-image-replace\" src=\"https:\/\/ichef-1.bbci.co.uk\/news\/624\/cpsprodpb\/141C1\/production\/_95896328_tanqueta2.jpg\" alt=\"Protestas en Venezuela\" width=\"976\" height=\"549\" data-highest-encountered-width=\"624\" \/><span class=\"off-screen\">Derechos de autor de la imagen<\/span><span class=\"story-image-copyright\">AFP\/FEDERICO PARRA<\/span><\/span><figcaption class=\"media-caption\"><span class=\"off-screen\">Image caption<\/span><span class=\"media-caption__text\">Seg\u00fan testimonios recogidos por BBC Mundo, la rueda de la tanqueta pas\u00f3 por entre el cuello y el pecho del manifestante.<\/span><\/figcaption><\/figure>\n<p>Otra de las im\u00e1genes que ha dado la vuelta al mundo es la de una tanqueta pasando por encima de varios manifestantes en la Avenida \u00c1vila, al sur de la simb\u00f3lica Plaza Altamira.<\/p>\n<p>BBC Mundo habl\u00f3 con varios fot\u00f3grafos y testigos que presenciaron lo ocurrido y pidieron no revelar sus nombres.<\/p>\n<p>El enfrentamiento, seg\u00fan relataron, empez\u00f3 con lo que viene siendo habitual: <strong>bombas lacrim\u00f3genas y agua<\/strong> lanzados desde dos tanquetas, y <strong>c\u00f3cteles molotov y piedras<\/strong> arrojados por manifestantes.<\/p>\n<p>Las tanquetas, seg\u00fan testimonios y videos verificados, fueron retrocediendo porque quienes protestaban las hab\u00edan incendiado.<\/p>\n<p>En un momento chocaron y la que estaba m\u00e1s atr\u00e1s aceler\u00f3 hacia adelante como si quisiera asustar a los manifestantes. Estos, sin embargo, <strong>se quedaron quietos<\/strong>.<\/p>\n<p>Luego, la tanqueta arranc\u00f3 y <strong>pas\u00f3 por encima de varios<\/strong>, pero sobre todo de uno: la rueda gir\u00f3 por entre su cuello y su pecho.<\/p>\n<p>En el momento de la publicaci\u00f3n de esta nota no se sab\u00eda qui\u00e9n era esa persona ni qu\u00e9 pas\u00f3 con ella.<\/p>\n<h2 class=\"story-body__crosshead\">3. Un joven en llamas<\/h2>\n<figure class=\"media-landscape has-caption full-width\"><span class=\"image-and-copyright-container\"><img loading=\"lazy\" decoding=\"async\" class=\"responsive-image__img js-image-replace\" src=\"https:\/\/ichef-1.bbci.co.uk\/news\/624\/cpsprodpb\/0D29\/production\/_95896330_llamasafp.jpg\" alt=\"Protestas en Venezuela\" width=\"976\" height=\"549\" data-highest-encountered-width=\"624\" \/><span class=\"off-screen\">Derechos de autor de la imagen<\/span><span class=\"story-image-copyright\">AFP\/RONALDO SCHEMIDT<\/span><\/span><figcaption class=\"media-caption\"><span class=\"off-screen\">Image caption<\/span><span class=\"media-caption__text\">Un manifestante termin\u00f3 prendido en llamas despu\u00e9s de que una moto explot\u00f3 cuando saltaba sobre ella.<\/span><\/figcaption><\/figure>\n<p>Justo despu\u00e9s de que atropellaran a los j\u00f3venes, la Guardia Nacional, seg\u00fan verific\u00f3 BBC Mundo, se repleg\u00f3 hacia atr\u00e1s en una suerte de victoria para los manifestantes.<\/p>\n<p>Parte de lo que dejaron atr\u00e1s la tanqueta fue una moto de la Guardia, relataron testigos, que los j\u00f3venes la tomaron como un trofeo.<\/p>\n<p>Empezaron a saltar y cantar sobre ella, dijeron a BBC Mundo, pero en ese momento <strong>la moto explot\u00f3 y salpic\u00f3 de gasolina a uno de los manifestantes<\/strong>.<\/p>\n<p>De acuerdo con testimonios, estuvo en llamas unos 40 segundos, hasta que sus compa\u00f1eros lo apagaron a punta de agua.<\/p>\n<p>Hasta el momento se desconoce el estado y la identidad del manifestante.<\/p>\n<h2 class=\"story-body__crosshead\">4. Los disparos a quemarropa<\/h2>\n<figure class=\"media-with-caption\">\n<div class=\"player-with-placeholder\"><img decoding=\"async\" class=\"media-placeholder player-with-placeholder__image narrative-video-placeholder\" src=\"https:\/\/ichef.bbci.co.uk\/images\/ic\/720x405\/p051xkbt.jpg\" \/><\/p>\n<div class=\"player-with-placeholder\">\n<div class=\"media-player-wrapper\">\n<div id=\"sticky-player-2\">\n<div class=\"sticky-player__wrapper\">\n<div class=\"sticky-player__player\"><\/div>\n<div class=\"sticky-player__body\"><\/div>\n<\/div>\n<\/div>\n<\/div>\n<\/div>\n<\/div><figcaption class=\"media-with-caption__caption\">El momento en que un guardia dispara la bomba lacrim\u00f3gena a cent\u00edmetros.<\/figcaption><\/figure>\n<p>Otro de los videos virales del d\u00eda fue tomado en una bifurcaci\u00f3n del distribuidor Altamira, tambi\u00e9n en el este de la capital, donde se concentran la poblaci\u00f3n de clase media.<\/p>\n<p>En en ella se ven, de una lado, varios manifestantes opositores resguardados por un muro. Del otro, guardias nacionales lanzando bombas lacrim\u00f3genas.<\/p>\n<p>En un punto dos de los guardias llegan a la esquina de la bifurcaci\u00f3n y <strong>disparan, a quemarropa, una bomba lacrim\u00f3gena<\/strong>.<\/p>\n<p>\u00abLos chamos no pod\u00edan ver a los guardias por la manera que configura la bifurcaci\u00f3n\u00bb, dice Luis Gonzalo P\u00e9rez, el periodista de \u00abCaraota Digital\u00bb que grab\u00f3 el video.<\/p>\n<p>\u00abA la derecha de la imagen hab\u00eda unas cinco o seis tanquetas; en el momento en que yo grabo eran 30 o 40 guardias contra unos veinte manifestantes\u00bb, a\u00f1ade.<\/p>\n<p>El periodista, que como tantos otros ha frecuentado escenarios como estos durante este mes de protestas, dice que <strong>hay un momento en que la violencia emerge de <\/strong><strong>ambas partes.<\/strong><\/p>\n<p>\u00abPero una cosa son piedras que tiran unos y otra, los perdigones que tiran los otros\u00bb, opina.<\/p>\n<h2 class=\"story-body__crosshead\">5. Bomba lacrim\u00f3gena a periodistas<\/h2>\n<figure class=\"media-with-caption\">\n<div class=\"player-with-placeholder\"><img decoding=\"async\" class=\"media-placeholder player-with-placeholder__image narrative-video-placeholder\" src=\"https:\/\/ichef.bbci.co.uk\/images\/ic\/720x405\/p051xscv.jpg\" \/><\/p>\n<div class=\"player-with-placeholder\">\n<div class=\"media-player-wrapper\">\n<div id=\"sticky-player-3\">\n<div class=\"sticky-player__wrapper\">\n<div class=\"sticky-player__player\"><\/div>\n<div class=\"sticky-player__body\"><\/div>\n<\/div>\n<\/div>\n<\/div>\n<\/div>\n<\/div><figcaption class=\"media-with-caption__caption\">El instante en que un guardia nacional lanza una bomba lacrim\u00f3gena a un grupo de periodistas.<\/figcaption><\/figure>\n<p>En otro video de Caraota Digital se ve como un Guardia Nacional activa una bomba lacrim\u00f3gena y la deja caer a corta distancia a un grupo de periodistas.<\/p>\n<p>\u00abCausalmente me la lanzan a m\u00ed\u00bb, dice P\u00e9rez, tambi\u00e9n autor de ese video.<\/p>\n<p>\u00ab\u00c9ramos todo un grupo como de 20 periodistas locales y extranjeros. <strong>El guardia se queda vi\u00e9ndonos, le quita el gancho a la bomba y me la pone ah\u00ed al pie<\/strong>\u00ab.<\/p>\n<p>\u00abYo se la devuelvo y \u00e9l la vuelve a lanzar, y ah\u00ed es cuando explota\u00bb.<\/p>\n<p>El videorreportero dijo haber resultado herido este mi\u00e9rcoles. Cont\u00f3 que una bomba lacrim\u00f3gena le peg\u00f3 en la pierna y que adem\u00e1s fue tumbado al piso por un chorro de agua lanzado desde tanquetas.<\/p>\n","protected":false},"excerpt":{"rendered":"<p>Escenas de fuerte violencia, un muerto y centenares de heridos. Eso fue lo que dej\u00f3 este mi\u00e9rcoles una nueva jornada de protestas en Venezuela. Fue la primera gran movilizaci\u00f3n de la oposici\u00f3n contra la convocatoria de una Asamblea Nacional Constituyente por parte del presidente Nicol\u00e1s Maduro, quien le entreg\u00f3 al Consejo Nacional Electoral (CNE) su [&hellip;]<\/p>\n","protected":false},"author":1,"featured_media":64410,"comment_status":"open","ping_status":"open","sticky":false,"template":"","format":"standard","meta":{"footnotes":""},"categories":[48],"tags":[],"class_list":["post-64409","post","type-post","status-publish","format-standard","has-post-thumbnail","hentry","category-venezuela"],"_links":{"self":[{"href":"https:\/\/2horizontes.com\/index.php?rest_route=\/wp\/v2\/posts\/64409","targetHints":{"allow":["GET"]}}],"collection":[{"href":"https:\/\/2horizontes.com\/index.php?rest_route=\/wp\/v2\/posts"}],"about":[{"href":"https:\/\/2horizontes.com\/index.php?rest_route=\/wp\/v2\/types\/post"}],"author":[{"embeddable":true,"href":"https:\/\/2horizontes.com\/index.php?rest_route=\/wp\/v2\/users\/1"}],"replies":[{"embeddable":true,"href":"https:\/\/2horizontes.com\/index.php?rest_route=%2Fwp%2Fv2%2Fcomments&post=64409"}],"version-history":[{"count":1,"href":"https:\/\/2horizontes.com\/index.php?rest_route=\/wp\/v2\/posts\/64409\/revisions"}],"predecessor-version":[{"id":64411,"href":"https:\/\/2horizontes.com\/index.php?rest_route=\/wp\/v2\/posts\/64409\/revisions\/64411"}],"wp:featuredmedia":[{"embeddable":true,"href":"https:\/\/2horizontes.com\/index.php?rest_route=\/wp\/v2\/media\/64410"}],"wp:attachment":[{"href":"https:\/\/2horizontes.com\/index.php?rest_route=%2Fwp%2Fv2%2Fmedia&parent=64409"}],"wp:term":[{"taxonomy":"category","embeddable":true,"href":"https:\/\/2horizontes.com\/index.php?rest_route=%2Fwp%2Fv2%2Fcategories&post=64409"},{"taxonomy":"post_tag","embeddable":true,"href":"https:\/\/2horizontes.com\/index.php?rest_route=%2Fwp%2Fv2%2Ftags&post=64409"}],"curies":[{"name":"wp","href":"https:\/\/api.w.org\/{rel}","templated":true}]}}