{"id":64368,"date":"2017-04-29T21:15:54","date_gmt":"2017-04-29T20:15:54","guid":{"rendered":"http:\/\/2horizontes.com\/?p=64368"},"modified":"2017-04-29T21:15:54","modified_gmt":"2017-04-29T20:15:54","slug":"denuncian-despidos-improcedentes-a-empleados-que-son-portadores-del-vih-en-paraguay","status":"publish","type":"post","link":"https:\/\/2horizontes.com\/?p=64368","title":{"rendered":"Denuncian despidos improcedentes a empleados que son portadores del VIH en Paraguay"},"content":{"rendered":"<p>El coordinador del Centro de Denuncias de VIH\/sida y Derechos Humanos de Paraguay, <strong>Francisco Ben\u00edtez A\u00f1azco<\/strong>, denuncia que en el per\u00edodo de enero a marzo de este mismo a\u00f1o se han registrado <strong>cuatro denuncias contra grandes empresas y particulares por despidos improcedentes a personas que son portadoras del VIH<\/strong>.<\/p>\n<p>Lasdenuncias se refieren al estado serol\u00f3gico de las personas. Las empresas siguen violando la voluntariedad y confidencialidad\u00bb, declara Ben\u00edtez, quien sostiene que se trata de una pr\u00e1ctica reiterativa desde 2014, que se habr\u00eda incrementado en este a\u00f1o al haberse denunciado 4 en s\u00f3lo tres meses, cuando el a\u00f1o pasado se registraron \u00fanicamente 6 casos en 12 meses.<\/p>\n","protected":false},"excerpt":{"rendered":"<p>El coordinador del Centro de Denuncias de VIH\/sida y Derechos Humanos de Paraguay, Francisco Ben\u00edtez A\u00f1azco, denuncia que en el per\u00edodo de enero a marzo de este mismo a\u00f1o se han registrado cuatro denuncias contra grandes empresas y particulares por despidos improcedentes a personas que son portadoras del VIH. Lasdenuncias se refieren al estado serol\u00f3gico [&hellip;]<\/p>\n","protected":false},"author":3,"featured_media":64369,"comment_status":"open","ping_status":"open","sticky":false,"template":"","format":"standard","meta":{"footnotes":""},"categories":[57,45],"tags":[],"class_list":["post-64368","post","type-post","status-publish","format-standard","has-post-thumbnail","hentry","category-mundo-gay","category-salud"],"_links":{"self":[{"href":"https:\/\/2horizontes.com\/index.php?rest_route=\/wp\/v2\/posts\/64368","targetHints":{"allow":["GET"]}}],"collection":[{"href":"https:\/\/2horizontes.com\/index.php?rest_route=\/wp\/v2\/posts"}],"about":[{"href":"https:\/\/2horizontes.com\/index.php?rest_route=\/wp\/v2\/types\/post"}],"author":[{"embeddable":true,"href":"https:\/\/2horizontes.com\/index.php?rest_route=\/wp\/v2\/users\/3"}],"replies":[{"embeddable":true,"href":"https:\/\/2horizontes.com\/index.php?rest_route=%2Fwp%2Fv2%2Fcomments&post=64368"}],"version-history":[{"count":1,"href":"https:\/\/2horizontes.com\/index.php?rest_route=\/wp\/v2\/posts\/64368\/revisions"}],"predecessor-version":[{"id":64370,"href":"https:\/\/2horizontes.com\/index.php?rest_route=\/wp\/v2\/posts\/64368\/revisions\/64370"}],"wp:featuredmedia":[{"embeddable":true,"href":"https:\/\/2horizontes.com\/index.php?rest_route=\/wp\/v2\/media\/64369"}],"wp:attachment":[{"href":"https:\/\/2horizontes.com\/index.php?rest_route=%2Fwp%2Fv2%2Fmedia&parent=64368"}],"wp:term":[{"taxonomy":"category","embeddable":true,"href":"https:\/\/2horizontes.com\/index.php?rest_route=%2Fwp%2Fv2%2Fcategories&post=64368"},{"taxonomy":"post_tag","embeddable":true,"href":"https:\/\/2horizontes.com\/index.php?rest_route=%2Fwp%2Fv2%2Ftags&post=64368"}],"curies":[{"name":"wp","href":"https:\/\/api.w.org\/{rel}","templated":true}]}}