{"id":64358,"date":"2017-04-29T19:45:29","date_gmt":"2017-04-29T18:45:29","guid":{"rendered":"http:\/\/2horizontes.com\/?p=64358"},"modified":"2017-04-29T19:45:29","modified_gmt":"2017-04-29T18:45:29","slug":"accidente-aereo-en-cuba-se-estrella-avion-de-aerogaviota-en-pinar-del-rio","status":"publish","type":"post","link":"https:\/\/2horizontes.com\/?p=64358","title":{"rendered":"Accidente a\u00e9reo en Cuba: Se estrella avi\u00f3n de Aerogaviota en Pinar del R\u00edo"},"content":{"rendered":"<p>Un avi\u00f3n de la compa\u00f1\u00eda Aerogaviota, desapareci\u00f3 en la madrugada de este s\u00e1bado en una zona cercana a Las Terrazas, en Pinar del Rio, sin que hasta el momento la prensa oficial cubana se haya hecho eco del suceso.<\/p>\n<p>Un familiar de uno de los miembros de la tripulaci\u00f3n se puso en contacto con Cibercuba Noticias y nos ha hecho saber que el aparato ha sido localizado en una zona conocida como \u00abLas Lomas de San Crist\u00f3bal\u00bb.<\/p>\n<p>\u00abLa zona es de dif\u00edcil acceso por tierra, y el reporte preliminar es que no hay sobrevivientes,\u00bb dijo la fuente.<\/p>\n<p>Aunque no es nada oficial, ya a mi casa llegaron miembros de una comisi\u00f3n, para avisar de lo sucedido,\u00bb dijo.<\/p>\n<p>El avi\u00f3n, que\u00a0seg\u00fan la fuente se trata de un An26, ofrec\u00eda regularmente vuelos nacionales desde el aeropuerto de Baracoa.<\/p>\n<p><strong>ACTUALIZACI\u00d3N:<\/strong><\/p>\n<p>Hemos recibido confirmaci\u00f3n del accidente a\u00e9reo desde las oficinas de la aerol\u00ednea en Cuba, y lamentatablemte nos han confirmado tambi\u00e9n que hubo v\u00edctimas mortales.<\/p>\n","protected":false},"excerpt":{"rendered":"<p>Un avi\u00f3n de la compa\u00f1\u00eda Aerogaviota, desapareci\u00f3 en la madrugada de este s\u00e1bado en una zona cercana a Las Terrazas, en Pinar del Rio, sin que hasta el momento la prensa oficial cubana se haya hecho eco del suceso. Un familiar de uno de los miembros de la tripulaci\u00f3n se puso en contacto con Cibercuba [&hellip;]<\/p>\n","protected":false},"author":3,"featured_media":64359,"comment_status":"open","ping_status":"open","sticky":false,"template":"","format":"standard","meta":{"footnotes":""},"categories":[49,40],"tags":[],"class_list":["post-64358","post","type-post","status-publish","format-standard","has-post-thumbnail","hentry","category-cuba","category-internacionales"],"_links":{"self":[{"href":"https:\/\/2horizontes.com\/index.php?rest_route=\/wp\/v2\/posts\/64358","targetHints":{"allow":["GET"]}}],"collection":[{"href":"https:\/\/2horizontes.com\/index.php?rest_route=\/wp\/v2\/posts"}],"about":[{"href":"https:\/\/2horizontes.com\/index.php?rest_route=\/wp\/v2\/types\/post"}],"author":[{"embeddable":true,"href":"https:\/\/2horizontes.com\/index.php?rest_route=\/wp\/v2\/users\/3"}],"replies":[{"embeddable":true,"href":"https:\/\/2horizontes.com\/index.php?rest_route=%2Fwp%2Fv2%2Fcomments&post=64358"}],"version-history":[{"count":1,"href":"https:\/\/2horizontes.com\/index.php?rest_route=\/wp\/v2\/posts\/64358\/revisions"}],"predecessor-version":[{"id":64360,"href":"https:\/\/2horizontes.com\/index.php?rest_route=\/wp\/v2\/posts\/64358\/revisions\/64360"}],"wp:featuredmedia":[{"embeddable":true,"href":"https:\/\/2horizontes.com\/index.php?rest_route=\/wp\/v2\/media\/64359"}],"wp:attachment":[{"href":"https:\/\/2horizontes.com\/index.php?rest_route=%2Fwp%2Fv2%2Fmedia&parent=64358"}],"wp:term":[{"taxonomy":"category","embeddable":true,"href":"https:\/\/2horizontes.com\/index.php?rest_route=%2Fwp%2Fv2%2Fcategories&post=64358"},{"taxonomy":"post_tag","embeddable":true,"href":"https:\/\/2horizontes.com\/index.php?rest_route=%2Fwp%2Fv2%2Ftags&post=64358"}],"curies":[{"name":"wp","href":"https:\/\/api.w.org\/{rel}","templated":true}]}}