{"id":64301,"date":"2017-04-24T17:43:15","date_gmt":"2017-04-24T16:43:15","guid":{"rendered":"http:\/\/2horizontes.com\/?p=64301"},"modified":"2017-04-25T11:17:47","modified_gmt":"2017-04-25T10:17:47","slug":"la-iglesia-evangelica-en-madrid-celebro-la-octava-convencion-extraordinaria","status":"publish","type":"post","link":"https:\/\/2horizontes.com\/?p=64301","title":{"rendered":"\u00abConcilio De Asamblea  De Iglesias Cristianas \u00abCampo Misionero De Espa\u00f1a\u00bb celebro la octava convenci\u00f3n Extraordinaria."},"content":{"rendered":"<p>Decenas de evang\u00e9licos dominicanos \u00a0y de otras nacionalidades se reunieron \u00a0en el hotel Holiday Inn Madrid \u00a0para celebrar la \u00a0octava convenci\u00f3n extraordinaria.<\/p>\n<p>&nbsp;<\/p>\n<p>&nbsp;<\/p>\n<p><a href=\"http:\/\/2horizontes.com\/wp-content\/uploads\/2017\/04\/eva4.jpg\"><img loading=\"lazy\" decoding=\"async\" class=\" wp-image-64303 alignleft\" src=\"http:\/\/2horizontes.com\/wp-content\/uploads\/2017\/04\/eva4-300x225.jpg\" alt=\"\" width=\"215\" height=\"161\" srcset=\"https:\/\/2horizontes.com\/wp-content\/uploads\/2017\/04\/eva4-300x225.jpg 300w, https:\/\/2horizontes.com\/wp-content\/uploads\/2017\/04\/eva4-768x576.jpg 768w, https:\/\/2horizontes.com\/wp-content\/uploads\/2017\/04\/eva4-510x383.jpg 510w, https:\/\/2horizontes.com\/wp-content\/uploads\/2017\/04\/eva4-100x75.jpg 100w, https:\/\/2horizontes.com\/wp-content\/uploads\/2017\/04\/eva4.jpg 960w\" sizes=\"auto, (max-width: 215px) 100vw, 215px\" \/><\/a>La celebraci\u00f3n se llev\u00f3 acabo por tres d\u00edas iniciando con un culto de bienvenida donde se reunieron una gran cantidad de religiosos en \u00a0Samblea De Iglesias Cristianas Templo Monte Herm\u00f3n ubicada en el barrio madrile\u00f1o Cuatro Caninos.<\/p>\n<p>&nbsp;<\/p>\n<p>&nbsp;<\/p>\n<p>&nbsp;<\/p>\n<p>&nbsp;<\/p>\n<p><a href=\"http:\/\/2horizontes.com\/wp-content\/uploads\/2017\/04\/eva8.jpg\"><img loading=\"lazy\" decoding=\"async\" class=\" wp-image-64306 alignleft\" src=\"http:\/\/2horizontes.com\/wp-content\/uploads\/2017\/04\/eva8-300x225.jpg\" alt=\"\" width=\"239\" height=\"179\" srcset=\"https:\/\/2horizontes.com\/wp-content\/uploads\/2017\/04\/eva8-300x225.jpg 300w, https:\/\/2horizontes.com\/wp-content\/uploads\/2017\/04\/eva8-768x576.jpg 768w, https:\/\/2horizontes.com\/wp-content\/uploads\/2017\/04\/eva8-510x383.jpg 510w, https:\/\/2horizontes.com\/wp-content\/uploads\/2017\/04\/eva8-100x75.jpg 100w, https:\/\/2horizontes.com\/wp-content\/uploads\/2017\/04\/eva8.jpg 960w\" sizes=\"auto, (max-width: 239px) 100vw, 239px\" \/><\/a>El objetivo del en encuentro consisti\u00f3 en tratar temas de negocios, conferencias de diferentes temas sociales y de orientar a los j\u00f3venes los cuales han sido privilegiados dejando el mundo de las drogas para formar parte de una sociedad sana y \u00a0con mejor calidad de vida en el mundo cristiano.<\/p>\n<p>&nbsp;<\/p>\n<p>&nbsp;<\/p>\n<p>&nbsp;<\/p>\n<p>&nbsp;<\/p>\n<p><a href=\"http:\/\/2horizontes.com\/wp-content\/uploads\/2017\/04\/eva5.jpg\"><img loading=\"lazy\" decoding=\"async\" class=\" wp-image-64304 alignleft\" src=\"http:\/\/2horizontes.com\/wp-content\/uploads\/2017\/04\/eva5-225x300.jpg\" alt=\"\" width=\"175\" height=\"234\" srcset=\"https:\/\/2horizontes.com\/wp-content\/uploads\/2017\/04\/eva5-225x300.jpg 225w, https:\/\/2horizontes.com\/wp-content\/uploads\/2017\/04\/eva5-510x680.jpg 510w, https:\/\/2horizontes.com\/wp-content\/uploads\/2017\/04\/eva5.jpg 720w\" sizes=\"auto, (max-width: 175px) 100vw, 175px\" \/><\/a><\/p>\n<p>En la convenci\u00f3n participaron grupos musicales cristianos dominicanos \u00a0los cuales demostraron su alabanza cant\u00e1ndole a los presentes.<\/p>\n<p>&nbsp;<\/p>\n<p>&nbsp;<\/p>\n<p>&nbsp;<\/p>\n<p>&nbsp;<\/p>\n<p>&nbsp;<\/p>\n<p>&nbsp;<\/p>\n<p><a href=\"http:\/\/2horizontes.com\/wp-content\/uploads\/2017\/04\/igl1.jpg\"><img loading=\"lazy\" decoding=\"async\" class=\" wp-image-64305 alignleft\" src=\"http:\/\/2horizontes.com\/wp-content\/uploads\/2017\/04\/igl1-300x169.jpg\" alt=\"\" width=\"217\" height=\"122\" srcset=\"https:\/\/2horizontes.com\/wp-content\/uploads\/2017\/04\/igl1-300x169.jpg 300w, https:\/\/2horizontes.com\/wp-content\/uploads\/2017\/04\/igl1-768x432.jpg 768w, https:\/\/2horizontes.com\/wp-content\/uploads\/2017\/04\/igl1-510x287.jpg 510w, https:\/\/2horizontes.com\/wp-content\/uploads\/2017\/04\/igl1.jpg 1600w\" sizes=\"auto, (max-width: 217px) 100vw, 217px\" \/><\/a>La celebraci\u00f3n finalizo \u00a0con una entrega de reconocimientos\u00a0 a los primeros\u00a0 fundadores de la iglesia por su gran colaboraci\u00f3n en su trayectoria.<\/p>\n<p>&nbsp;<\/p>\n<p>&nbsp;<\/p>\n","protected":false},"excerpt":{"rendered":"<p>Decenas de evang\u00e9licos dominicanos \u00a0y de otras nacionalidades se reunieron \u00a0en el hotel Holiday Inn Madrid \u00a0para celebrar la \u00a0octava convenci\u00f3n extraordinaria. &nbsp; &nbsp; La celebraci\u00f3n se llev\u00f3 acabo por tres d\u00edas iniciando con un culto de bienvenida donde se reunieron una gran cantidad de religiosos en \u00a0Samblea De Iglesias Cristianas Templo Monte Herm\u00f3n ubicada [&hellip;]<\/p>\n","protected":false},"author":4,"featured_media":64302,"comment_status":"open","ping_status":"open","sticky":false,"template":"","format":"standard","meta":{"footnotes":""},"categories":[62,46],"tags":[],"class_list":["post-64301","post","type-post","status-publish","format-standard","has-post-thumbnail","hentry","category-cultura","category-dominicanos-en-madrid"],"_links":{"self":[{"href":"https:\/\/2horizontes.com\/index.php?rest_route=\/wp\/v2\/posts\/64301","targetHints":{"allow":["GET"]}}],"collection":[{"href":"https:\/\/2horizontes.com\/index.php?rest_route=\/wp\/v2\/posts"}],"about":[{"href":"https:\/\/2horizontes.com\/index.php?rest_route=\/wp\/v2\/types\/post"}],"author":[{"embeddable":true,"href":"https:\/\/2horizontes.com\/index.php?rest_route=\/wp\/v2\/users\/4"}],"replies":[{"embeddable":true,"href":"https:\/\/2horizontes.com\/index.php?rest_route=%2Fwp%2Fv2%2Fcomments&post=64301"}],"version-history":[{"count":5,"href":"https:\/\/2horizontes.com\/index.php?rest_route=\/wp\/v2\/posts\/64301\/revisions"}],"predecessor-version":[{"id":64325,"href":"https:\/\/2horizontes.com\/index.php?rest_route=\/wp\/v2\/posts\/64301\/revisions\/64325"}],"wp:featuredmedia":[{"embeddable":true,"href":"https:\/\/2horizontes.com\/index.php?rest_route=\/wp\/v2\/media\/64302"}],"wp:attachment":[{"href":"https:\/\/2horizontes.com\/index.php?rest_route=%2Fwp%2Fv2%2Fmedia&parent=64301"}],"wp:term":[{"taxonomy":"category","embeddable":true,"href":"https:\/\/2horizontes.com\/index.php?rest_route=%2Fwp%2Fv2%2Fcategories&post=64301"},{"taxonomy":"post_tag","embeddable":true,"href":"https:\/\/2horizontes.com\/index.php?rest_route=%2Fwp%2Fv2%2Ftags&post=64301"}],"curies":[{"name":"wp","href":"https:\/\/api.w.org\/{rel}","templated":true}]}}