{"id":64292,"date":"2017-04-24T12:54:33","date_gmt":"2017-04-24T11:54:33","guid":{"rendered":"http:\/\/2horizontes.com\/?p=64292"},"modified":"2017-04-24T12:54:33","modified_gmt":"2017-04-24T11:54:33","slug":"detienen-al-hijo-de-ortega-cano-por-agredir-a-un-policia","status":"publish","type":"post","link":"https:\/\/2horizontes.com\/?p=64292","title":{"rendered":"Detienen al hijo de Ortega Cano por agredir a un polic\u00eda"},"content":{"rendered":"<p>El hijo adoptivo del torero Jos\u00e9 Ortega Cano, Fernando Ortega Mohedano, ha sido detenido esta madrugada en <a href=\"http:\/\/www.madridactual.es\/san-sebastian-de-los-reyes\/\"><strong>San Sebasti\u00e1n de los Reyes<\/strong><\/a> (Madrid) por agredir a un polic\u00eda local.<\/p>\n<p>Al joven, de 23 a\u00f1os, se le ha trasladado a la comisar\u00eda de <a href=\"http:\/\/www.noticiasdealcobendas.es\/\">Alcobendas<\/a>, donde ha sido puesto en libertad a primera hora del d\u00eda, aunque tendr\u00e1 que presentarse a un juicio r\u00e1pido que se celebrar\u00e1 en los pr\u00f3ximos d\u00edas.<\/p>\n<p>Fuentes de la Polic\u00eda local han se\u00f1alado que Ortega Mohedano fue detenido por empujar y propinar dos golpes a uno de los dos agentes que se acerc\u00f3 a su piso en esta localidad, despu\u00e9s de que varios vecinos alertaran de que se estaba celebrando una fiesta en el domicilio con \u00abmucho ruido\u00bb.<\/p>\n<p>Seg\u00fan fuentes municipales, Ortega Mohedano \u00abcontest\u00f3 mal\u00bb e increp\u00f3 de forma violenta a los agentes, lo que dio paso a un \u00abforcejeo\u00bb que concluy\u00f3 con el hijo del torero y el agente en el suelo, lo que provoc\u00f3 su inmediata detenci\u00f3n.<\/p>\n","protected":false},"excerpt":{"rendered":"<p>El hijo adoptivo del torero Jos\u00e9 Ortega Cano, Fernando Ortega Mohedano, ha sido detenido esta madrugada en San Sebasti\u00e1n de los Reyes (Madrid) por agredir a un polic\u00eda local. Al joven, de 23 a\u00f1os, se le ha trasladado a la comisar\u00eda de Alcobendas, donde ha sido puesto en libertad a primera hora del d\u00eda, aunque [&hellip;]<\/p>\n","protected":false},"author":3,"featured_media":64293,"comment_status":"open","ping_status":"open","sticky":false,"template":"","format":"standard","meta":{"footnotes":""},"categories":[85],"tags":[],"class_list":["post-64292","post","type-post","status-publish","format-standard","has-post-thumbnail","hentry","category-espana"],"_links":{"self":[{"href":"https:\/\/2horizontes.com\/index.php?rest_route=\/wp\/v2\/posts\/64292","targetHints":{"allow":["GET"]}}],"collection":[{"href":"https:\/\/2horizontes.com\/index.php?rest_route=\/wp\/v2\/posts"}],"about":[{"href":"https:\/\/2horizontes.com\/index.php?rest_route=\/wp\/v2\/types\/post"}],"author":[{"embeddable":true,"href":"https:\/\/2horizontes.com\/index.php?rest_route=\/wp\/v2\/users\/3"}],"replies":[{"embeddable":true,"href":"https:\/\/2horizontes.com\/index.php?rest_route=%2Fwp%2Fv2%2Fcomments&post=64292"}],"version-history":[{"count":1,"href":"https:\/\/2horizontes.com\/index.php?rest_route=\/wp\/v2\/posts\/64292\/revisions"}],"predecessor-version":[{"id":64294,"href":"https:\/\/2horizontes.com\/index.php?rest_route=\/wp\/v2\/posts\/64292\/revisions\/64294"}],"wp:featuredmedia":[{"embeddable":true,"href":"https:\/\/2horizontes.com\/index.php?rest_route=\/wp\/v2\/media\/64293"}],"wp:attachment":[{"href":"https:\/\/2horizontes.com\/index.php?rest_route=%2Fwp%2Fv2%2Fmedia&parent=64292"}],"wp:term":[{"taxonomy":"category","embeddable":true,"href":"https:\/\/2horizontes.com\/index.php?rest_route=%2Fwp%2Fv2%2Fcategories&post=64292"},{"taxonomy":"post_tag","embeddable":true,"href":"https:\/\/2horizontes.com\/index.php?rest_route=%2Fwp%2Fv2%2Ftags&post=64292"}],"curies":[{"name":"wp","href":"https:\/\/api.w.org\/{rel}","templated":true}]}}