{"id":64270,"date":"2017-04-21T13:15:30","date_gmt":"2017-04-21T12:15:30","guid":{"rendered":"http:\/\/2horizontes.com\/?p=64270"},"modified":"2017-04-21T13:15:30","modified_gmt":"2017-04-21T12:15:30","slug":"principales-noticias-no-fue-por-islamismo-sino-por-especular-en-la-bolsa-arrestan-en-alemania-a-sospechoso-del-atentado-contra-el-autobus-del-borussia-dortmund","status":"publish","type":"post","link":"https:\/\/2horizontes.com\/?p=64270","title":{"rendered":"Principales noticias \u00abNo fue por islamismo, sino por especular en la bolsa\u00bb: arrestan en Alemania a sospechoso del atentado contra el autob\u00fas del Borussia Dortmund"},"content":{"rendered":"<p class=\"story-body__introduction\">No fue un ataque islamista, sino que tuvo que ver con especulaciones burs\u00e1tiles.<\/p>\n<p>Eso es lo que creen las autoridades alemanas de la triple explosi\u00f3n que impact\u00f3 el pasado 11 de abril al autob\u00fas en el que viajaba el equipo de f\u00fatbol Borussia Dortmund y por la que result\u00f3 herido el jugador espa\u00f1ol Marc Bartra.<\/p>\n<p>Y siguiendo esa l\u00ednea de investigaci\u00f3n <strong>arrestaron este viernes a un hombre sospechoso de haber llevado a cabo el atentado<\/strong>, al que acusan de intento de asesinato, de provocar una detonaci\u00f3n con material explosivo y de lesiones f\u00edsicas graves.<\/p>\n<ul class=\"story-body__unordered-list\">\n<li class=\"story-body__list-item\">Las inc\u00f3gnitas que rodean la triple explosi\u00f3n que impact\u00f3 en el autob\u00fas del equipo alem\u00e1n Borussia Dortmund<\/li>\n<\/ul>\n<p>La Fiscal\u00eda alemana lo identific\u00f3 como <strong>Sergej W., un ciudadano ruso-alem\u00e1n de 28 a\u00f1os<\/strong>.<\/p>\n<p>En un comunicado enviado a los medios, el organismo inform\u00f3 que el d\u00eda del ataque el hombre se encontraba en el hotel L&#8217;Arrivee de la ciudad alemana de Dortmund, donde tambi\u00e9n se alojaba el equipo. Y su habitaci\u00f3n ten\u00eda vistas a la calle en la que tuvo lugar la explosi\u00f3n.<\/p>\n<figure class=\"media-landscape has-caption full-width\"><span class=\"image-and-copyright-container\"><img loading=\"lazy\" decoding=\"async\" class=\"responsive-image__img js-image-replace\" src=\"https:\/\/ichef-1.bbci.co.uk\/news\/624\/cpsprodpb\/E85C\/production\/_95648495_polizei.jpg\" alt=\"Polic\u00eda alemana\" width=\"976\" height=\"549\" data-highest-encountered-width=\"624\" \/><span class=\"off-screen\">Derechos de autor de la imagen<\/span><span class=\"story-image-copyright\">GETTY IMAGES<\/span><\/span><figcaption class=\"media-caption\"><span class=\"off-screen\">Image caption<\/span><span class=\"media-caption__text\">La polic\u00eda detuvo a un hombre de 28 a\u00f1os que identific\u00f3 como Sergei W., un ciudadano ruso-alem\u00e1n.<\/span><\/figcaption><\/figure>\n<p>El hombre fue arrestado cerca de Tubinga, una ciudad del estado federado de Baden W\u00fcrttenberg, situada a m\u00e1s de 400 kil\u00f3metros al sur de Dortmund, informaron las autoridades.<\/p>\n<p>En un principio \u00e9stas empezaron a tratar lo ocurrido como un \u00abataque terrorista\u00bb, por una carta encontrada en las proximidades y que parec\u00eda apuntar al autodenominado Estado Isl\u00e1mico.<\/p>\n<p>Y el d\u00eda despu\u00e9s del ataque arrestaron a un ciudadano iraqu\u00ed de 25 a\u00f1os, sospechoso de tener \u00abv\u00ednculos islamistas\u00bb y estar relacionado con las explosiones.<\/p>\n<p>Sin embargo, a la semana los investigadores reconocieron que ten\u00edan dudas sobre esa hip\u00f3tesis y declararon que <strong>no descartaban que los autores de la carta <\/strong><strong>hubieran tratado <\/strong><strong>de despistar la investigaci\u00f3n<\/strong><strong> con ella.<\/strong><\/p>\n<figure class=\"media-landscape has-caption full-width\"><span class=\"image-and-copyright-container\"><img loading=\"lazy\" decoding=\"async\" class=\"responsive-image__img js-image-replace\" src=\"https:\/\/ichef-1.bbci.co.uk\/news\/624\/cpsprodpb\/DFD7\/production\/_95730375_gettyimages-668834246.jpg\" alt=\"Despu\u00e9s de ganar el partido de la Bundesligia contra el Eintracht Frankfurt el 15 de abril, los jugadores del Dortmund sostienen en alto la camiseta de su compa\u00f1ero Marc Bartra, herido en el ataque al bus del club el 11 de abril.\" width=\"976\" height=\"650\" data-highest-encountered-width=\"624\" \/><span class=\"off-screen\">Derechos de autor de la imagen<\/span><span class=\"story-image-copyright\">GETTY IMAGES<\/span><\/span><figcaption class=\"media-caption\"><span class=\"off-screen\">Image caption<\/span><span class=\"media-caption__text\">El ataque al autob\u00fas en el que viajaba el equipo de f\u00fatbol Borussia Dortmund dej\u00f3 herido el jugador espa\u00f1ol Marc Bartra.<\/span><\/figcaption><\/figure>\n<p>\u00abPese al aparente fondo isl\u00e1mico, el ataque no tiene mucho en com\u00fan con anteriores incidentes de este tipo\u00bb, coment\u00f3 por su parte el corresponsal de la BBC en Berl\u00edn, Damien McGuinness.<\/p>\n<p>\u00abLos explosivos no fueron dise\u00f1ados para causar un gran da\u00f1o en una multitud, como ha sucedido en otros ataques, o iban dirigidos al estadio, que se encuentra a varios kil\u00f3metros del lugar del accidente\u00bb, explic\u00f3 McGuinness.<\/p>\n<h2 class=\"story-body__crosshead\">Especulaci\u00f3n en bolsa<\/h2>\n<p>Ahora las autoridades informaron que el detenido compr\u00f3 el d\u00eda del ataque y desde el mismo hotel <strong>15.000 opciones <\/strong><strong><i>put <\/i><\/strong><strong>o derechos de venta de acciones del equipo<\/strong> de f\u00fatbol, el \u00fanico de la Bundesliga alemana que cotiza en bolsa.<\/p>\n<p>Las acciones, con un valor entonces de US$83.600, las pag\u00f3 con un cr\u00e9dito que contrajo una semana antes y ten\u00edan vigencia hasta el 17 de junio, de acuerdo a las autoridades.<\/p>\n<figure class=\"media-landscape has-caption full-width\"><span class=\"image-and-copyright-container\"><img loading=\"lazy\" decoding=\"async\" class=\"responsive-image__img js-image-replace\" src=\"https:\/\/ichef-1.bbci.co.uk\/news\/624\/cpsprodpb\/1C87\/production\/_95730370_hi039093731.jpg\" alt=\"La puerta de la Corte Suprema Federal de Alemania (Bundesgerichtshof) en Karlsruhe, Alemania, el 21 de abril de 2017.\" width=\"976\" height=\"650\" data-highest-encountered-width=\"624\" \/><span class=\"off-screen\">Derechos de autor de la imagen<\/span><span class=\"story-image-copyright\">REUTERS<\/span><\/span><figcaption class=\"media-caption\"><span class=\"off-screen\">Image caption<\/span><span class=\"media-caption__text\">La polic\u00eda alemana llevaba una semana siguiendo la pista al ahora arrestado, desde que una entidad bancaria lo se\u00f1al\u00f3 de intentar lavar dinero.<\/span><\/figcaption><\/figure>\n<p>Seg\u00fan \u00e9stas, con el atentado el hombre pretend\u00eda <strong>provocar una ca\u00edda considerable de las acciones en bolsa y lucrarse as\u00ed con la venta de los t\u00edtulos al precio establecido previamente<\/strong> al adquirir los derechos de venta de los mismos.<\/p>\n<p>Las acciones del Borussia Dortmund s\u00ed cayeron en bolsa despu\u00e9s del ataque, de US$6.152 a US$5.812,61, aunque luego recuperaron ligeramente su valor, despu\u00e9s de que el equipo fuera eliminado de la Liga de Campeones o Champions League.<\/p>\n<p>La polic\u00eda detuvo al hombre tras de seguirle la pista durante una semana, despu\u00e9s de que una entidad bancaria lo denunciara por posible lavado de dinero, seg\u00fan informa el diario alem\u00e1n<i> Der Spiegel<\/i>.<\/p>\n<p>La Fiscal\u00eda anunci\u00f3 que dar\u00e1 m\u00e1s detalles sobre las investigaciones en una rueda de prensa que ofrecer\u00e1 al mediod\u00eda de este viernes.<\/p>\n","protected":false},"excerpt":{"rendered":"<p>No fue un ataque islamista, sino que tuvo que ver con especulaciones burs\u00e1tiles. Eso es lo que creen las autoridades alemanas de la triple explosi\u00f3n que impact\u00f3 el pasado 11 de abril al autob\u00fas en el que viajaba el equipo de f\u00fatbol Borussia Dortmund y por la que result\u00f3 herido el jugador espa\u00f1ol Marc Bartra. [&hellip;]<\/p>\n","protected":false},"author":1,"featured_media":64271,"comment_status":"open","ping_status":"open","sticky":false,"template":"","format":"standard","meta":{"footnotes":""},"categories":[86],"tags":[],"class_list":["post-64270","post","type-post","status-publish","format-standard","has-post-thumbnail","hentry","category-europa"],"_links":{"self":[{"href":"https:\/\/2horizontes.com\/index.php?rest_route=\/wp\/v2\/posts\/64270","targetHints":{"allow":["GET"]}}],"collection":[{"href":"https:\/\/2horizontes.com\/index.php?rest_route=\/wp\/v2\/posts"}],"about":[{"href":"https:\/\/2horizontes.com\/index.php?rest_route=\/wp\/v2\/types\/post"}],"author":[{"embeddable":true,"href":"https:\/\/2horizontes.com\/index.php?rest_route=\/wp\/v2\/users\/1"}],"replies":[{"embeddable":true,"href":"https:\/\/2horizontes.com\/index.php?rest_route=%2Fwp%2Fv2%2Fcomments&post=64270"}],"version-history":[{"count":1,"href":"https:\/\/2horizontes.com\/index.php?rest_route=\/wp\/v2\/posts\/64270\/revisions"}],"predecessor-version":[{"id":64272,"href":"https:\/\/2horizontes.com\/index.php?rest_route=\/wp\/v2\/posts\/64270\/revisions\/64272"}],"wp:featuredmedia":[{"embeddable":true,"href":"https:\/\/2horizontes.com\/index.php?rest_route=\/wp\/v2\/media\/64271"}],"wp:attachment":[{"href":"https:\/\/2horizontes.com\/index.php?rest_route=%2Fwp%2Fv2%2Fmedia&parent=64270"}],"wp:term":[{"taxonomy":"category","embeddable":true,"href":"https:\/\/2horizontes.com\/index.php?rest_route=%2Fwp%2Fv2%2Fcategories&post=64270"},{"taxonomy":"post_tag","embeddable":true,"href":"https:\/\/2horizontes.com\/index.php?rest_route=%2Fwp%2Fv2%2Ftags&post=64270"}],"curies":[{"name":"wp","href":"https:\/\/api.w.org\/{rel}","templated":true}]}}