{"id":64228,"date":"2017-04-20T14:58:02","date_gmt":"2017-04-20T13:58:02","guid":{"rendered":"http:\/\/2horizontes.com\/?p=64228"},"modified":"2017-04-20T14:58:02","modified_gmt":"2017-04-20T13:58:02","slug":"ricardo-arjona-se-enojo-y-abandono-un-programa-en-vivo","status":"publish","type":"post","link":"https:\/\/2horizontes.com\/?p=64228","title":{"rendered":"Ricardo Arjona se enoj\u00f3 y abandon\u00f3 un programa en vivo"},"content":{"rendered":"<p>La entrevista de <a href=\"https:\/\/www.clarin.com\/tema\/ricardo_arjona.html\" target=\"_blank\">Ricardo Arjona<\/a> (53) con el periodista de la CNN en Espa\u00f1ol Camilo Ega\u00f1a (55) comenz\u00f3 con un tono amigable, casi casi como si se tratara de una charla entre amigos. Sin embargo, al cabo de varios minutos, el cantautor guatemalteco se cans\u00f3 de las incisivas preguntas de su entrevistador y para sorpresa de muchos <strong>abandon\u00f3 su programa.<\/strong><\/p>\n<p>El enojo de Arjona empez\u00f3 cuando Ega\u00f1a mencion\u00f3 a aquellos detractores de su obra y le pregunt\u00f3 qu\u00e9 opinaba del escritor y ensayista colombiano Iv\u00e1n Gallo, quien <strong>dice que el m\u00fasico es un \u00abmal poeta\u00bb y un \u00abfarsante\u00bb<\/strong> .<\/p>\n<figure class=\"\">\n<div id=\"mediaplayer_CLAVID20170419_0032_1492696526797_773\" class=\"kWidgetIframeContainer mediaplayer\"><\/div>\n<\/figure>\n<p>\u00abVos <strong>recopilaste m\u00e1s cosas malas que hablaron de m\u00ed, antes que escuchar mi disco<\/strong>. Eso me parece un pecado y te baja de la nube en donde estabas, pens\u00e9 que eras un comunicador bien intencionado, si vos recopilaste las cosas malas que hablaron de m\u00ed y no escuchaste mi disco, creo que <strong>esta entrevista la tenemos que suspender<\/strong>\u00ab, le respondi\u00f3 sin vueltas el guatemalteco. \u00abEs que el disco me lleg\u00f3 ahora\u00bb, se justific\u00f3 el conductor.<\/p>\n","protected":false},"excerpt":{"rendered":"<p>La entrevista de Ricardo Arjona (53) con el periodista de la CNN en Espa\u00f1ol Camilo Ega\u00f1a (55) comenz\u00f3 con un tono amigable, casi casi como si se tratara de una charla entre amigos. Sin embargo, al cabo de varios minutos, el cantautor guatemalteco se cans\u00f3 de las incisivas preguntas de su entrevistador y para sorpresa [&hellip;]<\/p>\n","protected":false},"author":3,"featured_media":64229,"comment_status":"open","ping_status":"open","sticky":false,"template":"","format":"standard","meta":{"footnotes":""},"categories":[1],"tags":[],"class_list":["post-64228","post","type-post","status-publish","format-standard","has-post-thumbnail","hentry","category-entretenimiento"],"_links":{"self":[{"href":"https:\/\/2horizontes.com\/index.php?rest_route=\/wp\/v2\/posts\/64228","targetHints":{"allow":["GET"]}}],"collection":[{"href":"https:\/\/2horizontes.com\/index.php?rest_route=\/wp\/v2\/posts"}],"about":[{"href":"https:\/\/2horizontes.com\/index.php?rest_route=\/wp\/v2\/types\/post"}],"author":[{"embeddable":true,"href":"https:\/\/2horizontes.com\/index.php?rest_route=\/wp\/v2\/users\/3"}],"replies":[{"embeddable":true,"href":"https:\/\/2horizontes.com\/index.php?rest_route=%2Fwp%2Fv2%2Fcomments&post=64228"}],"version-history":[{"count":1,"href":"https:\/\/2horizontes.com\/index.php?rest_route=\/wp\/v2\/posts\/64228\/revisions"}],"predecessor-version":[{"id":64230,"href":"https:\/\/2horizontes.com\/index.php?rest_route=\/wp\/v2\/posts\/64228\/revisions\/64230"}],"wp:featuredmedia":[{"embeddable":true,"href":"https:\/\/2horizontes.com\/index.php?rest_route=\/wp\/v2\/media\/64229"}],"wp:attachment":[{"href":"https:\/\/2horizontes.com\/index.php?rest_route=%2Fwp%2Fv2%2Fmedia&parent=64228"}],"wp:term":[{"taxonomy":"category","embeddable":true,"href":"https:\/\/2horizontes.com\/index.php?rest_route=%2Fwp%2Fv2%2Fcategories&post=64228"},{"taxonomy":"post_tag","embeddable":true,"href":"https:\/\/2horizontes.com\/index.php?rest_route=%2Fwp%2Fv2%2Ftags&post=64228"}],"curies":[{"name":"wp","href":"https:\/\/api.w.org\/{rel}","templated":true}]}}