{"id":64225,"date":"2017-04-19T22:17:13","date_gmt":"2017-04-19T21:17:13","guid":{"rendered":"http:\/\/2horizontes.com\/?p=64225"},"modified":"2017-04-19T22:17:13","modified_gmt":"2017-04-19T21:17:13","slug":"consul-dominicano-en-genova-santiago-rodriguez-figuereo-promociona-inversiones-en-toda-italia","status":"publish","type":"post","link":"https:\/\/2horizontes.com\/?p=64225","title":{"rendered":"Consul Dominicano en Genova, Santiago Rodriguez Figuereo, promociona inversi\u00f3nes en toda Italia"},"content":{"rendered":"<p><strong>G\u00e9nova, Italia.\u00a0<\/strong>El c\u00f3nsul dominicano en G\u00e9nova, Dr. Santiago Rodr\u00edguez Figuereo; se encuentra patrocinando por toda la pen\u00ednsula It\u00e1lica una \u201cJornada de Promoci\u00f3n de la Inversi\u00f3n y Exportaci\u00f3n de los productos dominicanos\u201d.<\/p>\n<p>Rodr\u00edguez Figuereo dijo que la intenci\u00f3n es que nuestro mercado encuentre cabida en todas las comunidades extranjeras y aut\u00f3ctonas que all\u00ed residen, especialmente; \u00a0la comunidad Latinoamericana. Explico que el instrumento financiero de la Cooperaci\u00f3n y la Oportunidad de Negocios, organizada por la C\u00e1mara de Comercio de G\u00e9nova, con la colaboraci\u00f3n de Casa Am\u00e9rica y el IILA brinda su apoyo al patrocinio.<\/p>\n<p>Durante el inicio de la actividad, las palabras de bienvenida estuvieron a cargo de la moderadora la se\u00f1ora Repetto, quien a su vez dio la palabra a Jos\u00e9 Luis Rhi-Sausi, Secretario Socio-Econ\u00f3mico del IILA, quien expuso una amplia charla sobre la necesidad de conocer mejor las oportunidades que ofrece la nueva ley de cooperaci\u00f3n y la situaci\u00f3n econ\u00f3mica y el crecimiento de Am\u00e9rica Latina.<\/p>\n<p>En la misma; el se\u00f1or Roberto Speciale; Presidente Fundaci\u00f3n Casa Am\u00e9rica, concluy\u00f3 la primera parte de la jornada hablando sobre las relaciones y los v\u00ednculos de Am\u00e9rica Latina e Italia, y el planteamiento de algunas iniciativas que posibiliten un mayor conocimiento de las oportunidades de negocios entre ambos.<\/p>\n<p>El \u00a0evento cont\u00f3 con la presentaci\u00f3n de las oportunidades de Inversi\u00f3n que ofrece Bolivia;\u00a0 Colombia; Costa Rica; Ecuador; Nicaragua;\u00a0 Per\u00fa y Rep\u00fablica Dominicana, donde el Dr. Susy Gonz\u00e1lez., a trav\u00e9s de una ponencia; explico la importancia de estos pa\u00edses en la Feria Agroalimentaria 2017, a celebrarse del 18 al 20 de mayo, del a\u00f1o en curso.<\/p>\n<p>Tambi\u00e9n cada tarde, durante esos d\u00edas; los representantes de los pa\u00edses ponentes recibir\u00e1n de forma individual a los empresarios interesados en adquirir mayores informaciones sobre la inversi\u00f3n en los diferentes pa\u00edses.<\/p>\n<p><strong>Por otra parte.<\/strong><\/p>\n<p>El consulado General de la Rep\u00fablica Dominicana en G\u00e9nova, Italia se reuni\u00f3 con representantes de diferentes organizaciones empresariales para promover la inversi\u00f3n y motivar la participaci\u00f3n del empresariado italiano en la Feria Agroalimentaria que tendr\u00e1 lugar los d\u00edas 18 al 20 de mayo, la se\u00f1ora\u00a0Anna Vivaldi, presidente<strong>\u00a0<\/strong>de la Confederaci\u00f3n de Cooperativas de Trabajo, de Comercio, etc.; elDr.\u00a0 Ilario Agata, encargado sector agricultura de la\u00a0<strong>\u00a0<\/strong><strong>Camera de Comercio de La Spezia<\/strong>; la Dra. Francesca Cozzani, presidente y el Dr. Marco Raffellini, director<strong>\u00a0de la\u00a0<\/strong>Confederaci\u00f3n de<strong>\u00a0Industria; el<\/strong>Dr. Paolo Figoli, Presidente: Dr. Nicola Carozzi y Antonella Simone, Encargada de Comercio y turismo de la\u00a0Confederaci\u00f3n\u00a0<strong>\u00a0Artigianato<\/strong>; a los cuales se les presentaron las oportunidades de negocios que ofrece el pa\u00eds a los inversionistas extranjeros, al mismo se le entreg\u00f3 material promocional.<\/p>\n<p>&nbsp;<\/p>\n<p>Se\u00f1or\u00a0Alessandro Mammana, Abogado especilista en temas de inmigraci\u00f3n, quien forma parte del Comite se Solidaridad de la Caritas, muy sencibilizados con la defensas de los derechos de los dominicanos, con el cual estamos valorando una colaboraci\u00f3n m\u00e1s efectiva para defender los derechos del colectivo y la posibilidad de formar una Cooperativa Agricola para crear empleos a nuestros conciudadanos.<\/p>\n<p>&nbsp;<\/p>\n<p>Se\u00f1or\u00a0Ciro Picariello, director de la Cooperativa Lindbergh, estamos buscando la colaboraci\u00f3n para posibilitar la formaci\u00f3n y orientaci\u00f3n en el ambito laboral y la Se\u00f1ora Paola Strati, Directora de la Confederaci\u00f3n de Uniempleo para organizar jornada de formaci\u00f3n, actualizaci\u00f3n de curriculo y busqueda de empleo, a traves de la bolsa de empleos disponible en la Conferaci\u00f3n para socios y empresas en general a nivel nacional.<\/p>\n<p>&nbsp;<\/p>\n<p>Con el objetivo de fomentar la internacionalizaci\u00f3n del sector empresarial Genov\u00e9s hacia Am\u00e9rica Latina.\u00a0\u00a0La jornada inici\u00f3 a las 09.00 con las palabras de Alessandra Respetto, responsable de Internacionales de la C\u00e1mara de Comercio, quien dirigi\u00f3 unas palabras introductorias en nombre del presidente Paolo Odone, participaci\u00f3n de la se\u00f1ora M\u00f3nica Robelo Raffone, Embajadora de la Republica de Nicaragua.<\/p>\n","protected":false},"excerpt":{"rendered":"<p>G\u00e9nova, Italia.\u00a0El c\u00f3nsul dominicano en G\u00e9nova, Dr. Santiago Rodr\u00edguez Figuereo; se encuentra patrocinando por toda la pen\u00ednsula It\u00e1lica una \u201cJornada de Promoci\u00f3n de la Inversi\u00f3n y Exportaci\u00f3n de los productos dominicanos\u201d. Rodr\u00edguez Figuereo dijo que la intenci\u00f3n es que nuestro mercado encuentre cabida en todas las comunidades extranjeras y aut\u00f3ctonas que all\u00ed residen, especialmente; \u00a0la [&hellip;]<\/p>\n","protected":false},"author":4,"featured_media":64226,"comment_status":"open","ping_status":"open","sticky":false,"template":"","format":"standard","meta":{"footnotes":""},"categories":[86,43],"tags":[],"class_list":["post-64225","post","type-post","status-publish","format-standard","has-post-thumbnail","hentry","category-europa","category-politica"],"_links":{"self":[{"href":"https:\/\/2horizontes.com\/index.php?rest_route=\/wp\/v2\/posts\/64225","targetHints":{"allow":["GET"]}}],"collection":[{"href":"https:\/\/2horizontes.com\/index.php?rest_route=\/wp\/v2\/posts"}],"about":[{"href":"https:\/\/2horizontes.com\/index.php?rest_route=\/wp\/v2\/types\/post"}],"author":[{"embeddable":true,"href":"https:\/\/2horizontes.com\/index.php?rest_route=\/wp\/v2\/users\/4"}],"replies":[{"embeddable":true,"href":"https:\/\/2horizontes.com\/index.php?rest_route=%2Fwp%2Fv2%2Fcomments&post=64225"}],"version-history":[{"count":1,"href":"https:\/\/2horizontes.com\/index.php?rest_route=\/wp\/v2\/posts\/64225\/revisions"}],"predecessor-version":[{"id":64227,"href":"https:\/\/2horizontes.com\/index.php?rest_route=\/wp\/v2\/posts\/64225\/revisions\/64227"}],"wp:featuredmedia":[{"embeddable":true,"href":"https:\/\/2horizontes.com\/index.php?rest_route=\/wp\/v2\/media\/64226"}],"wp:attachment":[{"href":"https:\/\/2horizontes.com\/index.php?rest_route=%2Fwp%2Fv2%2Fmedia&parent=64225"}],"wp:term":[{"taxonomy":"category","embeddable":true,"href":"https:\/\/2horizontes.com\/index.php?rest_route=%2Fwp%2Fv2%2Fcategories&post=64225"},{"taxonomy":"post_tag","embeddable":true,"href":"https:\/\/2horizontes.com\/index.php?rest_route=%2Fwp%2Fv2%2Ftags&post=64225"}],"curies":[{"name":"wp","href":"https:\/\/api.w.org\/{rel}","templated":true}]}}