{"id":64218,"date":"2017-04-18T12:25:40","date_gmt":"2017-04-18T11:25:40","guid":{"rendered":"http:\/\/2horizontes.com\/?p=64218"},"modified":"2017-04-18T12:27:40","modified_gmt":"2017-04-18T11:27:40","slug":"madre-de-la-colombiana-asesinada-por-el-esposo-en-italia-pide-repatriar-a-su-nieta","status":"publish","type":"post","link":"https:\/\/2horizontes.com\/?p=64218","title":{"rendered":"Madre de la colombiana asesinada en Italia pide repatriar a su nieta"},"content":{"rendered":"<p>Una mujer de nacionalidad colombiana, identificada como Nidia Luc\u00eda Loza Rodr\u00edguez y quien es madre de una ni\u00f1a de tres a\u00f1os, fue asesinada por su esposo. El caso calificado por los medios de comunicaci\u00f3n como un feminicidio, se registr\u00f3 en el sector de Camisano Vicentino, un barrio de la ciudad de Vicenza, norte de Italia.<\/p>\n<p>Seg\u00fan el reporte policial, Nidia fue atacada con un cuchillo por Mirko Righetto, un ebanista con quien llevaba viviendo cuatro a\u00f1os.<\/p>\n<p>En la sala de la casa, Righetto le propin\u00f3 varias heridas mortales con el arma blanca, aunque algunas versiones tambi\u00e9n se\u00f1alan que podr\u00eda haber disparos. El dictamen definitivo se conocer\u00e1 despu\u00e9s del pr\u00f3ximo mi\u00e9rcoles, cuando se realice la autopsia.<\/p>\n<p>El implicado relat\u00f3 que despu\u00e9s del ataque llam\u00f3 a su madre, quien vive cerca de la casa de la pareja, y sin comentarle nada del incidente, le pidi\u00f3 que se llevara a su hija de tres a\u00f1os que dorm\u00eda arriba. Luego \u00e9l mismo alert\u00f3 a la polic\u00eda de los hechos ocurridos y confes\u00f3 el asesinato. \u201cElla me dijo que nunca volver\u00eda a ver a mi hija\u201d, expres\u00f3 el hombre en declaraciones recogidas por el diario \u201cVicenzo Today\u201d.<\/p>\n<h5 class=\"\u2019entretitulo\u2019\">Piden repatriaci\u00f3n<\/h5>\n<p>Berta Rodr\u00edguez, madre de Nidia, pidi\u00f3 desde Pasto que el cad\u00e1ver de su hija sea repatriado, antes de que las autoridades italianas autoricen su cremaci\u00f3n el pr\u00f3ximo mi\u00e9rcoles. Igualmente pidi\u00f3 ayuda para el regreso de su nieta de tres a\u00f1os de edad.<\/p>\n<p>La mujer dijo que su hija le hab\u00eda manifestado su intenci\u00f3n de regresar a Pasto, puesto que desde hac\u00eda alg\u00fan tiempo ven\u00eda afrontando graves problemas de convivencia con su pareja.<\/p>\n<p>La madre inform\u00f3 sostuvo tambi\u00e9n que su hija hab\u00eda perdido un brazo en un accidente, por lo que estaba buscando una indemnizaci\u00f3n en Italia para regresar al pa\u00eds. El accidente en el que perdi\u00f3 la vida, agreg\u00f3 Berta, podr\u00eda estar relacionado con los malos tratos que Nidia recib\u00eda.<\/p>\n<p>La pareja de esposos se cas\u00f3 hace cuatro a\u00f1os, luego de una larga convivencia en uni\u00f3n libre. Desde hace unos meses el matrimonio habr\u00eda entrado en crisis por razones de celos, pero la noche del 12 de abril fue la primera pelea fuerte entre los dos, el a\u00f1o pasado en un par de ocasiones, la Polic\u00eda tuvo que intervenir por violentas agresiones al interior de la casa.<\/p>\n<p>La sobrina de la v\u00edctima, Lorena Ordo\u00f1ez, solicit\u00f3 que se realice una investigaci\u00f3n a fondo por parte de las autoridades italianas, para que este crimen no quede impune y pide ayuda para que la menor llegue a Pasto.<\/p>\n","protected":false},"excerpt":{"rendered":"<p>Una mujer de nacionalidad colombiana, identificada como Nidia Luc\u00eda Loza Rodr\u00edguez y quien es madre de una ni\u00f1a de tres a\u00f1os, fue asesinada por su esposo. El caso calificado por los medios de comunicaci\u00f3n como un feminicidio, se registr\u00f3 en el sector de Camisano Vicentino, un barrio de la ciudad de Vicenza, norte de Italia. [&hellip;]<\/p>\n","protected":false},"author":3,"featured_media":64219,"comment_status":"open","ping_status":"open","sticky":false,"template":"","format":"standard","meta":{"footnotes":""},"categories":[86,40],"tags":[],"class_list":["post-64218","post","type-post","status-publish","format-standard","has-post-thumbnail","hentry","category-europa","category-internacionales"],"_links":{"self":[{"href":"https:\/\/2horizontes.com\/index.php?rest_route=\/wp\/v2\/posts\/64218","targetHints":{"allow":["GET"]}}],"collection":[{"href":"https:\/\/2horizontes.com\/index.php?rest_route=\/wp\/v2\/posts"}],"about":[{"href":"https:\/\/2horizontes.com\/index.php?rest_route=\/wp\/v2\/types\/post"}],"author":[{"embeddable":true,"href":"https:\/\/2horizontes.com\/index.php?rest_route=\/wp\/v2\/users\/3"}],"replies":[{"embeddable":true,"href":"https:\/\/2horizontes.com\/index.php?rest_route=%2Fwp%2Fv2%2Fcomments&post=64218"}],"version-history":[{"count":2,"href":"https:\/\/2horizontes.com\/index.php?rest_route=\/wp\/v2\/posts\/64218\/revisions"}],"predecessor-version":[{"id":64221,"href":"https:\/\/2horizontes.com\/index.php?rest_route=\/wp\/v2\/posts\/64218\/revisions\/64221"}],"wp:featuredmedia":[{"embeddable":true,"href":"https:\/\/2horizontes.com\/index.php?rest_route=\/wp\/v2\/media\/64219"}],"wp:attachment":[{"href":"https:\/\/2horizontes.com\/index.php?rest_route=%2Fwp%2Fv2%2Fmedia&parent=64218"}],"wp:term":[{"taxonomy":"category","embeddable":true,"href":"https:\/\/2horizontes.com\/index.php?rest_route=%2Fwp%2Fv2%2Fcategories&post=64218"},{"taxonomy":"post_tag","embeddable":true,"href":"https:\/\/2horizontes.com\/index.php?rest_route=%2Fwp%2Fv2%2Ftags&post=64218"}],"curies":[{"name":"wp","href":"https:\/\/api.w.org\/{rel}","templated":true}]}}