{"id":64190,"date":"2017-04-16T20:04:25","date_gmt":"2017-04-16T19:04:25","guid":{"rendered":"http:\/\/2horizontes.com\/?p=64190"},"modified":"2017-04-16T20:04:25","modified_gmt":"2017-04-16T19:04:25","slug":"cuatro-detenidos-por-robar-17-ordenadores-de-una-escuela-de-la-jonquera","status":"publish","type":"post","link":"https:\/\/2horizontes.com\/?p=64190","title":{"rendered":"Cuatro detenidos por robar 17 ordenadores de una escuela de La Jonquera"},"content":{"rendered":"<p>Los <b>Mossos d\u2019Esquadra<\/b> han detenido a cuatro hombres de edades comprendidas entre los 21 y 54 a\u00f1os y vecinos de <b>Figueres<\/b> (Girona) como presuntos autores de un delito de robo con fuerza en una escuela de <b>La Jonquera <\/b>(Girona), ha informado este domingo en un comunicado.<\/p>\n<p>Los hechos tuvieron lugar el pasado 17 de marzo, cuando el cuerpo policial tuvo constancia del robo, que ocurri\u00f3 de madrugada en la escuela, a la que accedieron forzando la entrada y de la que se llevaron 17 ordenadores y dinero en efectivo.<\/p>\n<div id=\"divVideoStepAdTop\" class=\"divVideoStep\"><\/div>\n<div id=\"hybs-slot-5b2230c9\" class=\"hybs-slot\"><\/div>\n<p>Las investigaciones policiales acabaron con la detenci\u00f3n de tres de los cuatro presuntos autores del robo el 30 de marzo, mientras que el cuarto ladr\u00f3n ha sido detenido este mi\u00e9rcoles, cuando tambi\u00e9n se recuperaron tres de los ordenadores robados.<\/p>\n<p>Los detenidos, todos con antecedentes penales, pasaron a disposici\u00f3n judicial los d\u00edas 30 de marzo y 12 de abril ante el Juzgado de Instrucci\u00f3n en funciones de guardia de Figueres, que decret\u00f3 su libertad con cargos.<\/p>\n<p>Las pesquisas policiales todav\u00eda no se han dado por finalizadas, ya que los Mossos d\u2019Esquadra est\u00e1n investigando el destino de los 14 ordenadores restantes.<\/p>\n","protected":false},"excerpt":{"rendered":"<p>Los Mossos d\u2019Esquadra han detenido a cuatro hombres de edades comprendidas entre los 21 y 54 a\u00f1os y vecinos de Figueres (Girona) como presuntos autores de un delito de robo con fuerza en una escuela de La Jonquera (Girona), ha informado este domingo en un comunicado. Los hechos tuvieron lugar el pasado 17 de marzo, [&hellip;]<\/p>\n","protected":false},"author":3,"featured_media":64191,"comment_status":"open","ping_status":"open","sticky":false,"template":"","format":"standard","meta":{"footnotes":""},"categories":[85],"tags":[],"class_list":["post-64190","post","type-post","status-publish","format-standard","has-post-thumbnail","hentry","category-espana"],"_links":{"self":[{"href":"https:\/\/2horizontes.com\/index.php?rest_route=\/wp\/v2\/posts\/64190","targetHints":{"allow":["GET"]}}],"collection":[{"href":"https:\/\/2horizontes.com\/index.php?rest_route=\/wp\/v2\/posts"}],"about":[{"href":"https:\/\/2horizontes.com\/index.php?rest_route=\/wp\/v2\/types\/post"}],"author":[{"embeddable":true,"href":"https:\/\/2horizontes.com\/index.php?rest_route=\/wp\/v2\/users\/3"}],"replies":[{"embeddable":true,"href":"https:\/\/2horizontes.com\/index.php?rest_route=%2Fwp%2Fv2%2Fcomments&post=64190"}],"version-history":[{"count":1,"href":"https:\/\/2horizontes.com\/index.php?rest_route=\/wp\/v2\/posts\/64190\/revisions"}],"predecessor-version":[{"id":64192,"href":"https:\/\/2horizontes.com\/index.php?rest_route=\/wp\/v2\/posts\/64190\/revisions\/64192"}],"wp:featuredmedia":[{"embeddable":true,"href":"https:\/\/2horizontes.com\/index.php?rest_route=\/wp\/v2\/media\/64191"}],"wp:attachment":[{"href":"https:\/\/2horizontes.com\/index.php?rest_route=%2Fwp%2Fv2%2Fmedia&parent=64190"}],"wp:term":[{"taxonomy":"category","embeddable":true,"href":"https:\/\/2horizontes.com\/index.php?rest_route=%2Fwp%2Fv2%2Fcategories&post=64190"},{"taxonomy":"post_tag","embeddable":true,"href":"https:\/\/2horizontes.com\/index.php?rest_route=%2Fwp%2Fv2%2Ftags&post=64190"}],"curies":[{"name":"wp","href":"https:\/\/api.w.org\/{rel}","templated":true}]}}