{"id":64165,"date":"2017-04-15T22:57:39","date_gmt":"2017-04-15T21:57:39","guid":{"rendered":"http:\/\/2horizontes.com\/?p=64165"},"modified":"2017-04-15T22:57:39","modified_gmt":"2017-04-15T21:57:39","slug":"dos-muertos-y-un-herido-al-caer-arbol-sobre-un-minibus-en-republica-dominicana","status":"publish","type":"post","link":"https:\/\/2horizontes.com\/?p=64165","title":{"rendered":"Dos muertos y un herido al caer \u00e1rbol sobre un minib\u00fas en Rep\u00fablica Dominicana"},"content":{"rendered":"<p>SAN CRISTOBAL, Rep\u00fablica Dominicana.- Dos adolescentes murieron cuando un \u00e1rbol cay\u00f3 encima de un minib\u00fas en el que viajaban, luego de chocar contra un poste del tendido el\u00e9ctrico, confirmaron las autoridades.<\/p>\n<p>Los muertos fueron identificados como Darlin\u00a0 Jos\u00e9\u00a0 P\u00e9rez y Ricky Esteban Gonz\u00e1lez, \u00a0 ambos de 15 a\u00f1os. Mientras que \u00a0Santo Modesto, conductor del veh\u00edculo, se encuentra ingresado \u00a0en el hospital p\u00fablico Juan Pablo Pina, de aqu\u00ed, bajo observaci\u00f3n m\u00e9dica.<\/p>\n<p>El hecho se produjo frente al \u201cTri\u00e1ngulo\u201d, de la localidad de Canastica, al oeste de la ciudad<\/p>\n","protected":false},"excerpt":{"rendered":"<p>SAN CRISTOBAL, Rep\u00fablica Dominicana.- Dos adolescentes murieron cuando un \u00e1rbol cay\u00f3 encima de un minib\u00fas en el que viajaban, luego de chocar contra un poste del tendido el\u00e9ctrico, confirmaron las autoridades. Los muertos fueron identificados como Darlin\u00a0 Jos\u00e9\u00a0 P\u00e9rez y Ricky Esteban Gonz\u00e1lez, \u00a0 ambos de 15 a\u00f1os. Mientras que \u00a0Santo Modesto, conductor del veh\u00edculo, [&hellip;]<\/p>\n","protected":false},"author":4,"featured_media":64166,"comment_status":"open","ping_status":"open","sticky":false,"template":"","format":"standard","meta":{"footnotes":""},"categories":[53,44],"tags":[],"class_list":["post-64165","post","type-post","status-publish","format-standard","has-post-thumbnail","hentry","category-provincias","category-republica-dominicana"],"_links":{"self":[{"href":"https:\/\/2horizontes.com\/index.php?rest_route=\/wp\/v2\/posts\/64165","targetHints":{"allow":["GET"]}}],"collection":[{"href":"https:\/\/2horizontes.com\/index.php?rest_route=\/wp\/v2\/posts"}],"about":[{"href":"https:\/\/2horizontes.com\/index.php?rest_route=\/wp\/v2\/types\/post"}],"author":[{"embeddable":true,"href":"https:\/\/2horizontes.com\/index.php?rest_route=\/wp\/v2\/users\/4"}],"replies":[{"embeddable":true,"href":"https:\/\/2horizontes.com\/index.php?rest_route=%2Fwp%2Fv2%2Fcomments&post=64165"}],"version-history":[{"count":1,"href":"https:\/\/2horizontes.com\/index.php?rest_route=\/wp\/v2\/posts\/64165\/revisions"}],"predecessor-version":[{"id":64167,"href":"https:\/\/2horizontes.com\/index.php?rest_route=\/wp\/v2\/posts\/64165\/revisions\/64167"}],"wp:featuredmedia":[{"embeddable":true,"href":"https:\/\/2horizontes.com\/index.php?rest_route=\/wp\/v2\/media\/64166"}],"wp:attachment":[{"href":"https:\/\/2horizontes.com\/index.php?rest_route=%2Fwp%2Fv2%2Fmedia&parent=64165"}],"wp:term":[{"taxonomy":"category","embeddable":true,"href":"https:\/\/2horizontes.com\/index.php?rest_route=%2Fwp%2Fv2%2Fcategories&post=64165"},{"taxonomy":"post_tag","embeddable":true,"href":"https:\/\/2horizontes.com\/index.php?rest_route=%2Fwp%2Fv2%2Ftags&post=64165"}],"curies":[{"name":"wp","href":"https:\/\/api.w.org\/{rel}","templated":true}]}}