{"id":6415,"date":"2015-05-09T11:48:46","date_gmt":"2015-05-09T10:48:46","guid":{"rendered":"http:\/\/2horizontes.com\/?p=6415"},"modified":"2015-05-09T11:48:46","modified_gmt":"2015-05-09T10:48:46","slug":"los-asuntos-pendientes-entre-cuba-y-el-papa","status":"publish","type":"post","link":"https:\/\/2horizontes.com\/?p=6415","title":{"rendered":"Los asuntos pendientes entre Cuba y el Papa"},"content":{"rendered":"<p>El Papa fue mediador entre Cuba y EE.UU. para la reactivaci\u00f3n de sus relaciones y se reunir\u00e1 con Castro justo cuando el Congreso de EE.UU. est\u00e1 cerca de sacar a la isla de la lista de pa\u00edses terroristas. \u00bfQu\u00e9 temas podr\u00edan estar en la mesa?<\/p>\n<p>Se supo mucho despu\u00e9s: el Papa mantuvo reuniones secretas con enviados de Estados Unidos y Cuba en el Vaticano en octubre del a\u00f1o pasado. Su papel fue esencial para que el 17 de diciembre pasado, los mandatarios de ambos pa\u00edses anunciaran de manera sorpresiva la reactivaci\u00f3n de las relaciones diplom\u00e1ticas entre ambos pa\u00edses, m\u00e1s de cincuenta a\u00f1os despu\u00e9s de que la Revoluci\u00f3n Cubana \u2014con los hermanos Castro y el Che Guevara al cabeza\u2014 se tomara el poder de la isla. Durante a\u00f1os, Estados Unidos insisti\u00f3 en el bloqueo de toda actividad comercial con Cuba, que fue convirti\u00e9ndose casi en una separaci\u00f3n de la isla del mundo occidental.<\/p>\n<p>Justo por eso, para que el proceso contin\u00fae por buena senda, ir\u00e1 este domingo el presidente cubano, Ra\u00fal Castro, al Vaticano. O por lo menos esa es la especulaci\u00f3n principal, dado que la reuni\u00f3n \u2014de acuerdo con los portavoces del Vaticano\u2014 ser\u00e1 privada. Sin embargo, ser\u00e1 un punto que ambos deber\u00e1n tocar, sobre todo por la visita que el Papa tiene programada a Cuba en septiembre de este a\u00f1o. Para entonces, si todo resulta como fue prometido, el Congreso de Estados Unidos ya habr\u00e1 aprobado la salida de Cuba de la lista de pa\u00edses terroristas, una solicitud enviada por el presidente Barack Obama en abril.<\/p>\n<p>La mediaci\u00f3n del Papa ha tenido un efecto casi inmediato en las actividades de la isla, que en los \u00faltimos meses ha visto cierto aumento del turismo desde Estados Unidos, y los medios han anunciado la llegada de numerosas empresas a Cuba. Poco a poco, el embargo comienza a tener un efecto menor en la isla, y parece reactivar una nueva vida que parec\u00eda perdida. Multinacionales han expresado su deseo de estar all\u00ed \u2014en medio, por supuesto, de una explosi\u00f3n de promesas y horizontes abundantes\u2014, e incluso el pa\u00eds espera un gran aumento de las visitas extranjeras y apuntan, desde ya, a la creaci\u00f3n de un mercado de turismo fortalecido.<\/p>\n<p>Las buenas noticias \u2014para unos\u2014 van llegando; sin embargo, no es ese el \u00fanico tema que podr\u00eda tocarse en la reuni\u00f3n. Justo esta semana, la Comisi\u00f3n Interamericana de Derechos Humanos determin\u00f3 que Cuba seguir\u00eda en la lista negra de pa\u00edses que afectan la libertad de expresi\u00f3n. Las razones son numerosas: las libertades m\u00ednimas para el florecimiento de una democracia son inexistentes en la isla y hacen parte de una pol\u00edtica de anta\u00f1o. El derecho a asociarse, la influencia del poder pol\u00edtico en el judicial, la carencia de acceso a medios de expresi\u00f3n y la mordaza sobre periodistas y activistas de derechos humanos pone a Cuba en el mismo rengl\u00f3n que a Venezuela, una naci\u00f3n a la que la atan numerosos lazos pol\u00edticos e ideol\u00f3gicos. M\u00e1s all\u00e1 del optimismo que empapa a la econom\u00eda cubana, la isla no pretende \u2014como ha reafirmado Ra\u00fal Castro\u2014 modificar de manera dr\u00e1stica sus pol\u00edticas m\u00e1s comunes. No por ahora, por lo menos.<\/p>\n<p>En esa misma l\u00ednea est\u00e1 la cercana relaci\u00f3n de los Castro con el gobierno de Rusia. En un art\u00edculo publicado este viernes, Fidel Castro afirma que \u201cChina y Rusia son escudos poderosos de la paz y la seguridad mundial\u201d, y afirma que ambos pa\u00edses son una suerte de resguardos donde la humanidad podr\u00eda estar a salvo. Las \u00faltimas noticias que llegan de esa zona no son prometedoras \u2014justo en la misma materia de libertad de expresi\u00f3n\u2014: artistas poco congraciados con la ideolog\u00eda de turno son encarcelados, oponentes son asesinados y los rezagos de cierto comunismo \u2014emparentado con la figura casi sagrada de Vladimir Putin\u2014 potencian un ambiente de desconcierto entre sus habitantes. El jueves, Ra\u00fal Castro se reuni\u00f3 con el presidente Vladimir Putin, y se encuentra en Rusia para las celebraciones por la victoria de ese pa\u00eds sobre la Alemania nazi hace 70 a\u00f1os. \u201cLa asistencia de Castro a la parada demuestra que, pese a los intentos de EE. UU. de normalizar las relaciones con Cuba, la prioridad estrat\u00e9gica para La Habana sigue siendo Rusia\u201d, dijo Leonid Ivashov, jefe de la Academia de Asuntos Geopol\u00edticos, a la agencia EFE.<\/p>\n<p>Ivashov tiene argumentos: Rusia y Cuba han tenido una poderosa cercan\u00eda desde la Revoluci\u00f3n Cubana y a\u00fan despu\u00e9s de la ca\u00edda de la Uni\u00f3n Sovi\u00e9tica. El deshielo de las relaciones con Estados Unidos est\u00e1 acompa\u00f1ado de un refuerzo de las relaciones con Rusia \u2014y tambi\u00e9n, por ejemplo, con Jap\u00f3n\u2014: las \u00faltimas declaraciones de los ministros de defensa de ambos pa\u00edses desglosan un plan pr\u00f3ximo para armar a las Fuerzas Armadas Revolucionarias de Cuba y la isla sigue siendo un destino primordial para los primeros mandos del gobierno Putin. Cuba sabr\u00e1 mantener las relaciones que le han permitido progresar en estos a\u00f1os sin perder sus nuevas oportunidades y aceptando ciertas reformas a sus sistema. Por ahora celebrar\u00e1, junto con Rusia, la victoria.<\/p>\n","protected":false},"excerpt":{"rendered":"<p>El Papa fue mediador entre Cuba y EE.UU. para la reactivaci\u00f3n de sus relaciones y se reunir\u00e1 con Castro justo cuando el Congreso de EE.UU. est\u00e1 cerca de sacar a la isla de la lista de pa\u00edses terroristas. \u00bfQu\u00e9 temas podr\u00edan estar en la mesa? Se supo mucho despu\u00e9s: el Papa mantuvo reuniones secretas con [&hellip;]<\/p>\n","protected":false},"author":7,"featured_media":6416,"comment_status":"open","ping_status":"open","sticky":false,"template":"","format":"standard","meta":{"footnotes":""},"categories":[49,40],"tags":[],"class_list":["post-6415","post","type-post","status-publish","format-standard","has-post-thumbnail","hentry","category-cuba","category-internacionales"],"_links":{"self":[{"href":"https:\/\/2horizontes.com\/index.php?rest_route=\/wp\/v2\/posts\/6415","targetHints":{"allow":["GET"]}}],"collection":[{"href":"https:\/\/2horizontes.com\/index.php?rest_route=\/wp\/v2\/posts"}],"about":[{"href":"https:\/\/2horizontes.com\/index.php?rest_route=\/wp\/v2\/types\/post"}],"author":[{"embeddable":true,"href":"https:\/\/2horizontes.com\/index.php?rest_route=\/wp\/v2\/users\/7"}],"replies":[{"embeddable":true,"href":"https:\/\/2horizontes.com\/index.php?rest_route=%2Fwp%2Fv2%2Fcomments&post=6415"}],"version-history":[{"count":1,"href":"https:\/\/2horizontes.com\/index.php?rest_route=\/wp\/v2\/posts\/6415\/revisions"}],"predecessor-version":[{"id":6419,"href":"https:\/\/2horizontes.com\/index.php?rest_route=\/wp\/v2\/posts\/6415\/revisions\/6419"}],"wp:featuredmedia":[{"embeddable":true,"href":"https:\/\/2horizontes.com\/index.php?rest_route=\/wp\/v2\/media\/6416"}],"wp:attachment":[{"href":"https:\/\/2horizontes.com\/index.php?rest_route=%2Fwp%2Fv2%2Fmedia&parent=6415"}],"wp:term":[{"taxonomy":"category","embeddable":true,"href":"https:\/\/2horizontes.com\/index.php?rest_route=%2Fwp%2Fv2%2Fcategories&post=6415"},{"taxonomy":"post_tag","embeddable":true,"href":"https:\/\/2horizontes.com\/index.php?rest_route=%2Fwp%2Fv2%2Ftags&post=6415"}],"curies":[{"name":"wp","href":"https:\/\/api.w.org\/{rel}","templated":true}]}}