{"id":64090,"date":"2017-04-12T19:06:01","date_gmt":"2017-04-12T18:06:01","guid":{"rendered":"http:\/\/2horizontes.com\/?p=64090"},"modified":"2017-04-12T19:06:01","modified_gmt":"2017-04-12T18:06:01","slug":"denuncian-la-paliza-sufrida-por-una-mujer-lesbiana-en-chile-por-parte-de-un-grupo-de-jovenes-neonazis","status":"publish","type":"post","link":"https:\/\/2horizontes.com\/?p=64090","title":{"rendered":"Denuncian la paliza sufrida por una mujer lesbiana en Chile por parte de un grupo de j\u00f3venes neonazis"},"content":{"rendered":"<p>El Movimiento de Integraci\u00f3n y Liberaci\u00f3n Homosexual (Movilh), la principal organizaci\u00f3n defensora de los derechos humanos de la diversidad sexual de Chile, <a href=\"http:\/\/www.movilh.cl\/mujer-sufre-brutal-golpiza-por-su-orientacion-sexual\/\" target=\"_blank\">ha denunciado<\/a> p\u00fablicamente la <strong>paliza hom\u00f3foba sufrida por una mujer de 38 a\u00f1os en el pa\u00eds latinoamericano por parte de un grupo de j\u00f3venes neonazis<\/strong>.<\/p>\n<p>Sandra Ram\u00edrez, una mujer chilena de 38 a\u00f1os, ha denunciado ante la polic\u00eda y ante los medios de comunicaci\u00f3n la paliza con insultos hom\u00f3fobos que recibi\u00f3 en la Avenida San Jos\u00e9 por parte de un grupo de j\u00f3venes neonazis compuesto por dos hombres y una mujer. Ram\u00edrez ha aportado un parte m\u00e9dico que avala las lesiones sufridas en la denuncia policial que <strong>ha presentado con el objeto de que las autoridades encuentren a los j\u00f3venes responsables de la brutal agresi\u00f3n<\/strong>.<\/p>\n<p>Ram\u00edrez fue agredida por el grupo de j\u00f3venes neonazis cuando se encontraba de camino hacia su lugar de trabajo, consiguiendo huir en medio de la agresi\u00f3n y, tras recibir el apoyo de su pareja, <strong>acudiendo a la comisar\u00eda de San Bernardo para demandar los hechos acontecidos.<\/strong><\/p>\n<p>Ram\u00edrez ha indicado que fue objeto de numerosos insultos hom\u00f3fobos durante la brutal agresi\u00f3n, motivo por el que no duda en ning\u00fan momento de que se trata de un crimen de odio basado en su orientaci\u00f3n sexual. <strong>Entre otras cosas, la llamaron \u00ablesbiana asquerosa\u00bb, \u00abescoria\u00bb o \u00abmaricona\u00bb.<\/strong><\/p>\n","protected":false},"excerpt":{"rendered":"<p>El Movimiento de Integraci\u00f3n y Liberaci\u00f3n Homosexual (Movilh), la principal organizaci\u00f3n defensora de los derechos humanos de la diversidad sexual de Chile, ha denunciado p\u00fablicamente la paliza hom\u00f3foba sufrida por una mujer de 38 a\u00f1os en el pa\u00eds latinoamericano por parte de un grupo de j\u00f3venes neonazis. Sandra Ram\u00edrez, una mujer chilena de 38 a\u00f1os, [&hellip;]<\/p>\n","protected":false},"author":3,"featured_media":64091,"comment_status":"open","ping_status":"open","sticky":false,"template":"","format":"standard","meta":{"footnotes":""},"categories":[40,57],"tags":[],"class_list":["post-64090","post","type-post","status-publish","format-standard","has-post-thumbnail","hentry","category-internacionales","category-mundo-gay"],"_links":{"self":[{"href":"https:\/\/2horizontes.com\/index.php?rest_route=\/wp\/v2\/posts\/64090","targetHints":{"allow":["GET"]}}],"collection":[{"href":"https:\/\/2horizontes.com\/index.php?rest_route=\/wp\/v2\/posts"}],"about":[{"href":"https:\/\/2horizontes.com\/index.php?rest_route=\/wp\/v2\/types\/post"}],"author":[{"embeddable":true,"href":"https:\/\/2horizontes.com\/index.php?rest_route=\/wp\/v2\/users\/3"}],"replies":[{"embeddable":true,"href":"https:\/\/2horizontes.com\/index.php?rest_route=%2Fwp%2Fv2%2Fcomments&post=64090"}],"version-history":[{"count":1,"href":"https:\/\/2horizontes.com\/index.php?rest_route=\/wp\/v2\/posts\/64090\/revisions"}],"predecessor-version":[{"id":64092,"href":"https:\/\/2horizontes.com\/index.php?rest_route=\/wp\/v2\/posts\/64090\/revisions\/64092"}],"wp:featuredmedia":[{"embeddable":true,"href":"https:\/\/2horizontes.com\/index.php?rest_route=\/wp\/v2\/media\/64091"}],"wp:attachment":[{"href":"https:\/\/2horizontes.com\/index.php?rest_route=%2Fwp%2Fv2%2Fmedia&parent=64090"}],"wp:term":[{"taxonomy":"category","embeddable":true,"href":"https:\/\/2horizontes.com\/index.php?rest_route=%2Fwp%2Fv2%2Fcategories&post=64090"},{"taxonomy":"post_tag","embeddable":true,"href":"https:\/\/2horizontes.com\/index.php?rest_route=%2Fwp%2Fv2%2Ftags&post=64090"}],"curies":[{"name":"wp","href":"https:\/\/api.w.org\/{rel}","templated":true}]}}