{"id":64011,"date":"2017-04-10T12:46:10","date_gmt":"2017-04-10T11:46:10","guid":{"rendered":"http:\/\/2horizontes.com\/?p=64011"},"modified":"2017-04-10T12:46:10","modified_gmt":"2017-04-10T11:46:10","slug":"barcelona-invertira-mas-en-placas-solares-y-ofrecera-cubiertas-a-privados","status":"publish","type":"post","link":"https:\/\/2horizontes.com\/?p=64011","title":{"rendered":"Barcelona invertir\u00e1 m\u00e1s en placas solares y ofrecer\u00e1 cubiertas a privados"},"content":{"rendered":"<p>El<b> Ayuntamiento de Barcelona<\/b> invertir\u00e1 <b>15 millones de euros en los pr\u00f3ximos dos a\u00f1os <\/b>en instalar <b>placas solares propias <\/b>en <b>48 edificios <\/b>y espacios municipales y <b>otorgar\u00e1 en concesi\u00f3n techo publico <\/b>para incentivar a los <b>privados o grupos comunitarios <\/b>a invertir en la <b>generaci\u00f3n de energ\u00eda solar<\/b>.<\/p>\n<p>Estas son dos de las principales novedades del programa de impulso a la generaci\u00f3n energ\u00e9tica solar en Barcelona, que este lunes han presentado en rueda de prensa la teniente de alcald\u00eda de Ecolog\u00eda, Urbanismo y Movilidad, Janet Sanz, y el concejal de Presidencia, Agua y Energ\u00eda, Eloi Badia.<\/p>\n<p>De los 15 millones, ha detallado Badia, 12,3 millones se dedicar\u00e1n a instalaciones propias y 1,3 millones ser\u00e1n para proyectos que realicen privados en espacio p\u00fablico. Tambi\u00e9n se destinar\u00e1n 3,3 millones a compensar las bonificaciones y subvenciones fiscales a las que podr\u00e1n optar los privados interesados en colocar instalaciones t\u00e9rmicas o solares en sus inmuebles. El consistorio apuesta, ha a\u00f1adido el edil, por dedicar la energ\u00eda generada al autoconsumo inmediato, aunque no descarta la opci\u00f3n de venderla, preferentemente cuando entre en funcionamiento la comercializadora el\u00e9ctrica municipal que impulsa el Gobierno de Ada Colau.<\/p>\n","protected":false},"excerpt":{"rendered":"<p>El Ayuntamiento de Barcelona invertir\u00e1 15 millones de euros en los pr\u00f3ximos dos a\u00f1os en instalar placas solares propias en 48 edificios y espacios municipales y otorgar\u00e1 en concesi\u00f3n techo publico para incentivar a los privados o grupos comunitarios a invertir en la generaci\u00f3n de energ\u00eda solar. Estas son dos de las principales novedades del [&hellip;]<\/p>\n","protected":false},"author":3,"featured_media":64012,"comment_status":"open","ping_status":"open","sticky":false,"template":"","format":"standard","meta":{"footnotes":""},"categories":[85],"tags":[],"class_list":["post-64011","post","type-post","status-publish","format-standard","has-post-thumbnail","hentry","category-espana"],"_links":{"self":[{"href":"https:\/\/2horizontes.com\/index.php?rest_route=\/wp\/v2\/posts\/64011","targetHints":{"allow":["GET"]}}],"collection":[{"href":"https:\/\/2horizontes.com\/index.php?rest_route=\/wp\/v2\/posts"}],"about":[{"href":"https:\/\/2horizontes.com\/index.php?rest_route=\/wp\/v2\/types\/post"}],"author":[{"embeddable":true,"href":"https:\/\/2horizontes.com\/index.php?rest_route=\/wp\/v2\/users\/3"}],"replies":[{"embeddable":true,"href":"https:\/\/2horizontes.com\/index.php?rest_route=%2Fwp%2Fv2%2Fcomments&post=64011"}],"version-history":[{"count":1,"href":"https:\/\/2horizontes.com\/index.php?rest_route=\/wp\/v2\/posts\/64011\/revisions"}],"predecessor-version":[{"id":64013,"href":"https:\/\/2horizontes.com\/index.php?rest_route=\/wp\/v2\/posts\/64011\/revisions\/64013"}],"wp:featuredmedia":[{"embeddable":true,"href":"https:\/\/2horizontes.com\/index.php?rest_route=\/wp\/v2\/media\/64012"}],"wp:attachment":[{"href":"https:\/\/2horizontes.com\/index.php?rest_route=%2Fwp%2Fv2%2Fmedia&parent=64011"}],"wp:term":[{"taxonomy":"category","embeddable":true,"href":"https:\/\/2horizontes.com\/index.php?rest_route=%2Fwp%2Fv2%2Fcategories&post=64011"},{"taxonomy":"post_tag","embeddable":true,"href":"https:\/\/2horizontes.com\/index.php?rest_route=%2Fwp%2Fv2%2Ftags&post=64011"}],"curies":[{"name":"wp","href":"https:\/\/api.w.org\/{rel}","templated":true}]}}