{"id":64005,"date":"2017-04-09T20:17:49","date_gmt":"2017-04-09T19:17:49","guid":{"rendered":"http:\/\/2horizontes.com\/?p=64005"},"modified":"2017-04-09T20:17:49","modified_gmt":"2017-04-09T19:17:49","slug":"neymar-podria-perderse-el-tramo-decisivo-de-la-liga","status":"publish","type":"post","link":"https:\/\/2horizontes.com\/?p=64005","title":{"rendered":"Neymar podr\u00eda perderse el tramo decisivo de la Liga"},"content":{"rendered":"<p>La noche fue aciaga para <b>Neymar<\/b> en <b>M\u00e1laga<\/b>, pero sus consecuencias pueden ser todav\u00eda peores. El <a href=\"http:\/\/www.lavanguardia.com\/deportes\/futbol\/20170408\/421549566473\/neymar-malaga-barcelona.html\">brasile\u00f1o provoc\u00f3 su expulsi\u00f3n <\/a>cuando<a href=\"http:\/\/www.lavanguardia.com\/deportes\/futbol\/20170408\/421549308821\/barca-malaga-liga-santander-neymar.html\"> el <b>Bar\u00e7a<\/b> perd\u00eda 1-0<\/a> y colabor\u00f3 en el drama final de los de <b>Luis Enrique<\/b>, pero adem\u00e1s se arriesga a una sanci\u00f3n que le impida estar el 23 de abril en el cl\u00e1sico del Santiago Bernabeu. Despu\u00e9s de ver la segunda amarilla por una entrada a destiempo sobre Llorente abandon\u00f3 el campo aplaudiendo al \u00e1rbitro asistente.<\/p>\n<p>Esa acci\u00f3n, recogida por el colegiado Gil Manzano en el acta, podr\u00eda dejar al brasile\u00f1o fuero de juego durante demasiado tiempo. \u201cTras ser expulsado y cuando iba a entrar en el t\u00fanel de vestuarios, se dirigi\u00f3 al cuarto \u00e1rbitro aplaudi\u00e9ndole\u201d, recogi\u00f3 el acta en otras incidencias. Si el Comit\u00e9 de Competici\u00f3n estima que en la acci\u00f3n de Neymar hubo menosprecio podr\u00eda sancionarle con dos o tres partidos, adem\u00e1s del correspondiente a la roja vista en La Rosaleda.<\/p>\n<div id=\"divVideoStepAdTop\" class=\"divVideoStep\"><\/div>\n<div id=\"hybs-slot-cfd2b562\" class=\"hybs-slot\"><\/div>\n<div class=\"story-leaf-despiece\">\n<div class=\"story-leaf-despiece-title\">\n<p>Neymar podr\u00eda tener que descansar por obligaci\u00f3n ante la Real Sociedad, el Real Madrid en el cl\u00e1sico, Osasuna y en el derbi contra el Espanyol<\/p>\n<\/div>\n<\/div>\n<p>Por lo tanto, adem\u00e1s de no estar el pr\u00f3ximo fin de semana ante la Real Sociedad, Neymar podr\u00eda tener que descansar por obligaci\u00f3n ante el Real Madrid en el cl\u00e1sico, frente a Osasuna y en el derbi contra el Espanyol, justo la parte decisiva del torneo liguero.<\/p>\n<p>La jugada de la expulsi\u00f3n no fue demasiado protestada por el cuerpo t\u00e9cnico azulgrana. No as\u00ed la acci\u00f3n del penalti no se\u00f1alado sobre Sergi Roberto y, sobre todo, el criterio arbitral en el aspecto disciplinario. En rueda de prensa, <a href=\"http:\/\/www.lavanguardia.com\/deportes\/futbol\/20170408\/421550500448\/luis-enrique-barca-malaga.html\">Luis Enrique no dej\u00f3 pasar la ocasi\u00f3n de criticar a Gil Manzano<\/a> por este tipo de decisiones. \u201cHubo una jugada muy clara de penalti dentro del \u00e1rea que no s\u00e9 c\u00f3mo ha podido salir fuera. Adem\u00e1s, somos un equipo que no da una patada y nos cargamos de tarjetas de manera incomprensible. Luego veo jugadores del rival que se hinchan a hacer faltas y a cortar el juego y se van sin tarjetas. Me sorprende, pero bueno, ya estamos acostumbrados\u201d, se\u00f1al\u00f3 el t\u00e9cnico.<\/p>\n","protected":false},"excerpt":{"rendered":"<p>La noche fue aciaga para Neymar en M\u00e1laga, pero sus consecuencias pueden ser todav\u00eda peores. El brasile\u00f1o provoc\u00f3 su expulsi\u00f3n cuando el Bar\u00e7a perd\u00eda 1-0 y colabor\u00f3 en el drama final de los de Luis Enrique, pero adem\u00e1s se arriesga a una sanci\u00f3n que le impida estar el 23 de abril en el cl\u00e1sico del [&hellip;]<\/p>\n","protected":false},"author":3,"featured_media":64006,"comment_status":"open","ping_status":"open","sticky":false,"template":"","format":"standard","meta":{"footnotes":""},"categories":[42],"tags":[],"class_list":["post-64005","post","type-post","status-publish","format-standard","has-post-thumbnail","hentry","category-deportes"],"_links":{"self":[{"href":"https:\/\/2horizontes.com\/index.php?rest_route=\/wp\/v2\/posts\/64005","targetHints":{"allow":["GET"]}}],"collection":[{"href":"https:\/\/2horizontes.com\/index.php?rest_route=\/wp\/v2\/posts"}],"about":[{"href":"https:\/\/2horizontes.com\/index.php?rest_route=\/wp\/v2\/types\/post"}],"author":[{"embeddable":true,"href":"https:\/\/2horizontes.com\/index.php?rest_route=\/wp\/v2\/users\/3"}],"replies":[{"embeddable":true,"href":"https:\/\/2horizontes.com\/index.php?rest_route=%2Fwp%2Fv2%2Fcomments&post=64005"}],"version-history":[{"count":1,"href":"https:\/\/2horizontes.com\/index.php?rest_route=\/wp\/v2\/posts\/64005\/revisions"}],"predecessor-version":[{"id":64007,"href":"https:\/\/2horizontes.com\/index.php?rest_route=\/wp\/v2\/posts\/64005\/revisions\/64007"}],"wp:featuredmedia":[{"embeddable":true,"href":"https:\/\/2horizontes.com\/index.php?rest_route=\/wp\/v2\/media\/64006"}],"wp:attachment":[{"href":"https:\/\/2horizontes.com\/index.php?rest_route=%2Fwp%2Fv2%2Fmedia&parent=64005"}],"wp:term":[{"taxonomy":"category","embeddable":true,"href":"https:\/\/2horizontes.com\/index.php?rest_route=%2Fwp%2Fv2%2Fcategories&post=64005"},{"taxonomy":"post_tag","embeddable":true,"href":"https:\/\/2horizontes.com\/index.php?rest_route=%2Fwp%2Fv2%2Ftags&post=64005"}],"curies":[{"name":"wp","href":"https:\/\/api.w.org\/{rel}","templated":true}]}}