{"id":63999,"date":"2017-04-09T20:13:59","date_gmt":"2017-04-09T19:13:59","guid":{"rendered":"http:\/\/2horizontes.com\/?p=63999"},"modified":"2017-04-09T20:13:59","modified_gmt":"2017-04-09T19:13:59","slug":"the-weeknd-oficializa-su-relacion-con-selena-gomez-en-las-redes-sociales","status":"publish","type":"post","link":"https:\/\/2horizontes.com\/?p=63999","title":{"rendered":"The Weeknd oficializa su relaci\u00f3n con Selena G\u00f3mez en las redes sociales"},"content":{"rendered":"<p>M\u00e1s un mill\u00f3n y medio de seguidores de <b>The Weeknd <\/b>han secundado la foto con la que su \u00eddolo musical hace oficial su noviazgo con <b>Selena G\u00f3mez<\/b>, aunque el <i>affaire<\/i> sea p\u00fablico y notorio desde hace meses.<\/p>\n<p>Es la primera vez que el cantante canadiense publica una fotograf\u00eda junto a su pareja, dato que confirmar\u00eda que lo suyo con la cantante va muy en serio.<\/p>\n<div class=\"container-center\">\n<div class=\"amp-hidden\">\n<div class=\"lvamp-ad-publi\"><\/div>\n<p>El pasado mes de enero, y durante el primer viaje de los tortolitos en Italia, fue la amiga de Taylor Swift la que comparti\u00f3 en su concurrida cuenta de Instagram un v\u00eddeo del m\u00fasico de 27 a\u00f1os mientras disfrutaban de un paseo en g\u00f3ndola. Pero horas m\u00e1s tarde se arrepinti\u00f3 y no dej\u00f3 rastro del clip, aunque no pudo evitar que muchos medios se hicieran eco de la noticia junto a la entrada de la aplicaci\u00f3n fotogr\u00e1fica.<\/p>\n<p>Hemos echado un vistazo a las redes de G\u00f3mez y parece en estos momentos muy centrada en su primera serie como productora, <b><i>Por 13 razones<\/i> <\/b>, una de las producciones con mejor acogida de p\u00fablico y cr\u00edtica en Estados Unidos. Adem\u00e1s, intuimos que la artista de 24 a\u00f1os tienen una nueva producci\u00f3n dirigida por Vincent Peone para la revista Vogue.<\/p>\n<\/div>\n<\/div>\n","protected":false},"excerpt":{"rendered":"<p>M\u00e1s un mill\u00f3n y medio de seguidores de The Weeknd han secundado la foto con la que su \u00eddolo musical hace oficial su noviazgo con Selena G\u00f3mez, aunque el affaire sea p\u00fablico y notorio desde hace meses. Es la primera vez que el cantante canadiense publica una fotograf\u00eda junto a su pareja, dato que confirmar\u00eda [&hellip;]<\/p>\n","protected":false},"author":3,"featured_media":64001,"comment_status":"open","ping_status":"open","sticky":false,"template":"","format":"standard","meta":{"footnotes":""},"categories":[1],"tags":[],"class_list":["post-63999","post","type-post","status-publish","format-standard","has-post-thumbnail","hentry","category-entretenimiento"],"_links":{"self":[{"href":"https:\/\/2horizontes.com\/index.php?rest_route=\/wp\/v2\/posts\/63999","targetHints":{"allow":["GET"]}}],"collection":[{"href":"https:\/\/2horizontes.com\/index.php?rest_route=\/wp\/v2\/posts"}],"about":[{"href":"https:\/\/2horizontes.com\/index.php?rest_route=\/wp\/v2\/types\/post"}],"author":[{"embeddable":true,"href":"https:\/\/2horizontes.com\/index.php?rest_route=\/wp\/v2\/users\/3"}],"replies":[{"embeddable":true,"href":"https:\/\/2horizontes.com\/index.php?rest_route=%2Fwp%2Fv2%2Fcomments&post=63999"}],"version-history":[{"count":1,"href":"https:\/\/2horizontes.com\/index.php?rest_route=\/wp\/v2\/posts\/63999\/revisions"}],"predecessor-version":[{"id":64000,"href":"https:\/\/2horizontes.com\/index.php?rest_route=\/wp\/v2\/posts\/63999\/revisions\/64000"}],"wp:featuredmedia":[{"embeddable":true,"href":"https:\/\/2horizontes.com\/index.php?rest_route=\/wp\/v2\/media\/64001"}],"wp:attachment":[{"href":"https:\/\/2horizontes.com\/index.php?rest_route=%2Fwp%2Fv2%2Fmedia&parent=63999"}],"wp:term":[{"taxonomy":"category","embeddable":true,"href":"https:\/\/2horizontes.com\/index.php?rest_route=%2Fwp%2Fv2%2Fcategories&post=63999"},{"taxonomy":"post_tag","embeddable":true,"href":"https:\/\/2horizontes.com\/index.php?rest_route=%2Fwp%2Fv2%2Ftags&post=63999"}],"curies":[{"name":"wp","href":"https:\/\/api.w.org\/{rel}","templated":true}]}}