{"id":63976,"date":"2017-04-07T14:32:05","date_gmt":"2017-04-07T13:32:05","guid":{"rendered":"http:\/\/2horizontes.com\/?p=63976"},"modified":"2017-04-07T14:32:05","modified_gmt":"2017-04-07T13:32:05","slug":"el-mensaje-de-elettra-tras-desmayarse-en-gh-vip-5-lo-he-pasado-muy-mal","status":"publish","type":"post","link":"https:\/\/2horizontes.com\/?p=63976","title":{"rendered":"El mensaje de Elettra tras desmayarse en &#8216;GH VIP 5&#8217;: \u00abLo he pasado muy mal\u00bb"},"content":{"rendered":"<p>M\u00e1xima tensi\u00f3n la vivida este jueves 6 de abril en el plat\u00f3 de<a href=\"http:\/\/www.vanitatis.elconfidencial.com\/tags\/temas\/gh-vip-5-19235\/\" target=\"_blank\"> &#8216;GH VIP 5&#8217;<\/a>. Tras la expulsi\u00f3n de Elettra, la joven italiana se enfrent\u00f3 a su paso por la casa junto a <a href=\"http:\/\/www.vanitatis.elconfidencial.com\/tags\/personajes\/jordi-gonzalez-3112\/\" target=\"_blank\">Jordi Gonz\u00e1lez<\/a>. Peleas, broncas y encontronazos marcaron su convivencia, pero el \u00faltimo de ellos se vivir\u00eda en el plat\u00f3:<a href=\"http:\/\/www.vanitatis.elconfidencial.com\/tags\/personajes\/aida-nizar-16268\/\" target=\"_blank\"> Aida N\u00edzar<\/a> recriminaba a los familiares de esta su ausencia,<strong> argumentando que se avergonzaban de su hija<\/strong>.<\/p>\n<p>Elettra no aguant\u00f3 m\u00e1s y, tras pedir algo para el mareo, se ve\u00eda obligada a abandonar el plat\u00f3 al borde del desmayo, una p\u00e9rdida de conocimiento que despu\u00e9s se terminar\u00eda produciendo tras las c\u00e1maras. Tras todo<a href=\"http:\/\/www.vanitatis.elconfidencial.com\/television\/programas-tv\/2017-04-07\/ghvip5-jordi-gonzalez-desmayo-elettra-reaccion-redes-sociales_1362741\/\" target=\"_blank\"> el revuelo generado<\/a>, la propia Elettra ha querido tranquilizar a sus seguidores a trav\u00e9s del blog de Telecinco &#8216;Que no salga de aqu\u00ed&#8217;: \u00abHola a todos, <strong>quiero decir que estoy bien ahora que he tomado chocolate<\/strong>\u00ab, comenzaba diciendo sobre las 2:30 horas de la ma\u00f1ana.<\/p>\n","protected":false},"excerpt":{"rendered":"<p>M\u00e1xima tensi\u00f3n la vivida este jueves 6 de abril en el plat\u00f3 de &#8216;GH VIP 5&#8217;. Tras la expulsi\u00f3n de Elettra, la joven italiana se enfrent\u00f3 a su paso por la casa junto a Jordi Gonz\u00e1lez. Peleas, broncas y encontronazos marcaron su convivencia, pero el \u00faltimo de ellos se vivir\u00eda en el plat\u00f3: Aida N\u00edzar [&hellip;]<\/p>\n","protected":false},"author":3,"featured_media":63977,"comment_status":"open","ping_status":"open","sticky":false,"template":"","format":"standard","meta":{"footnotes":""},"categories":[1,85],"tags":[],"class_list":["post-63976","post","type-post","status-publish","format-standard","has-post-thumbnail","hentry","category-entretenimiento","category-espana"],"_links":{"self":[{"href":"https:\/\/2horizontes.com\/index.php?rest_route=\/wp\/v2\/posts\/63976","targetHints":{"allow":["GET"]}}],"collection":[{"href":"https:\/\/2horizontes.com\/index.php?rest_route=\/wp\/v2\/posts"}],"about":[{"href":"https:\/\/2horizontes.com\/index.php?rest_route=\/wp\/v2\/types\/post"}],"author":[{"embeddable":true,"href":"https:\/\/2horizontes.com\/index.php?rest_route=\/wp\/v2\/users\/3"}],"replies":[{"embeddable":true,"href":"https:\/\/2horizontes.com\/index.php?rest_route=%2Fwp%2Fv2%2Fcomments&post=63976"}],"version-history":[{"count":1,"href":"https:\/\/2horizontes.com\/index.php?rest_route=\/wp\/v2\/posts\/63976\/revisions"}],"predecessor-version":[{"id":63978,"href":"https:\/\/2horizontes.com\/index.php?rest_route=\/wp\/v2\/posts\/63976\/revisions\/63978"}],"wp:featuredmedia":[{"embeddable":true,"href":"https:\/\/2horizontes.com\/index.php?rest_route=\/wp\/v2\/media\/63977"}],"wp:attachment":[{"href":"https:\/\/2horizontes.com\/index.php?rest_route=%2Fwp%2Fv2%2Fmedia&parent=63976"}],"wp:term":[{"taxonomy":"category","embeddable":true,"href":"https:\/\/2horizontes.com\/index.php?rest_route=%2Fwp%2Fv2%2Fcategories&post=63976"},{"taxonomy":"post_tag","embeddable":true,"href":"https:\/\/2horizontes.com\/index.php?rest_route=%2Fwp%2Fv2%2Ftags&post=63976"}],"curies":[{"name":"wp","href":"https:\/\/api.w.org\/{rel}","templated":true}]}}