{"id":63926,"date":"2017-04-04T16:03:37","date_gmt":"2017-04-04T15:03:37","guid":{"rendered":"http:\/\/2horizontes.com\/?p=63926"},"modified":"2017-04-04T16:03:37","modified_gmt":"2017-04-04T15:03:37","slug":"luego-de-la-polemica-cirugia-en-cuba-evo-morales-regresara-a-bolivia-el-proximo-miercoles","status":"publish","type":"post","link":"https:\/\/2horizontes.com\/?p=63926","title":{"rendered":"Luego de la pol\u00e9mica cirug\u00eda en Cuba, Evo Morales regresar\u00e1 a Bolivia el pr\u00f3ximo mi\u00e9rcoles"},"content":{"rendered":"<div class=\"row\">\n<div class=\" col-md-offset-1 col-md-7 col-sm-12 col-xs-12 col-print-12\">\n<p class=\"element element-paragraph\">El funcionario dijo en rueda de prensa que <b>este lunes logr\u00f3 hablar brevemente con Morales, quien le inform\u00f3 que \u00abestar\u00eda regresando a Bolivia hasta el mi\u00e9rcoles\u00bb.<\/b><\/p>\n<\/div>\n<\/div>\n<div class=\"row\">\n<div class=\" col-md-offset-1 col-md-7 col-sm-12 col-xs-12 col-print-12\">\n<p class=\"element element-paragraph\">El presidente \u00abtiene autorizaci\u00f3n para hablar despacio y por breve tiempo\u00bb, acot\u00f3 la segunda autoridad del pa\u00eds, tras la cirug\u00eda de Morales en Cuba, donde s<b>e le extrajo un n\u00f3dulo de la garganta que en los \u00faltimos meses le impidi\u00f3 hablar con normalidad.<\/b><\/p>\n<\/div>\n<\/div>\n<div class=\"row\">\n<div class=\" col-md-offset-1 col-md-7 col-sm-12 col-xs-12 col-print-12\">\n<p class=\"element element-paragraph\">Garc\u00eda tambi\u00e9n dijo que <b>\u00abreci\u00e9n de aqu\u00ed (este lunes) a 13 o 14 d\u00edas ya va a poder hablar normalmente\u00bb y empezar a pronunciar sus habituales discursos.<\/b><\/p>\n<\/div>\n<\/div>\n","protected":false},"excerpt":{"rendered":"<p>El funcionario dijo en rueda de prensa que este lunes logr\u00f3 hablar brevemente con Morales, quien le inform\u00f3 que \u00abestar\u00eda regresando a Bolivia hasta el mi\u00e9rcoles\u00bb. El presidente \u00abtiene autorizaci\u00f3n para hablar despacio y por breve tiempo\u00bb, acot\u00f3 la segunda autoridad del pa\u00eds, tras la cirug\u00eda de Morales en Cuba, donde se le extrajo un [&hellip;]<\/p>\n","protected":false},"author":3,"featured_media":63927,"comment_status":"open","ping_status":"open","sticky":false,"template":"","format":"standard","meta":{"footnotes":""},"categories":[49,40,43],"tags":[],"class_list":["post-63926","post","type-post","status-publish","format-standard","has-post-thumbnail","hentry","category-cuba","category-internacionales","category-politica"],"_links":{"self":[{"href":"https:\/\/2horizontes.com\/index.php?rest_route=\/wp\/v2\/posts\/63926","targetHints":{"allow":["GET"]}}],"collection":[{"href":"https:\/\/2horizontes.com\/index.php?rest_route=\/wp\/v2\/posts"}],"about":[{"href":"https:\/\/2horizontes.com\/index.php?rest_route=\/wp\/v2\/types\/post"}],"author":[{"embeddable":true,"href":"https:\/\/2horizontes.com\/index.php?rest_route=\/wp\/v2\/users\/3"}],"replies":[{"embeddable":true,"href":"https:\/\/2horizontes.com\/index.php?rest_route=%2Fwp%2Fv2%2Fcomments&post=63926"}],"version-history":[{"count":1,"href":"https:\/\/2horizontes.com\/index.php?rest_route=\/wp\/v2\/posts\/63926\/revisions"}],"predecessor-version":[{"id":63928,"href":"https:\/\/2horizontes.com\/index.php?rest_route=\/wp\/v2\/posts\/63926\/revisions\/63928"}],"wp:featuredmedia":[{"embeddable":true,"href":"https:\/\/2horizontes.com\/index.php?rest_route=\/wp\/v2\/media\/63927"}],"wp:attachment":[{"href":"https:\/\/2horizontes.com\/index.php?rest_route=%2Fwp%2Fv2%2Fmedia&parent=63926"}],"wp:term":[{"taxonomy":"category","embeddable":true,"href":"https:\/\/2horizontes.com\/index.php?rest_route=%2Fwp%2Fv2%2Fcategories&post=63926"},{"taxonomy":"post_tag","embeddable":true,"href":"https:\/\/2horizontes.com\/index.php?rest_route=%2Fwp%2Fv2%2Ftags&post=63926"}],"curies":[{"name":"wp","href":"https:\/\/api.w.org\/{rel}","templated":true}]}}