{"id":63860,"date":"2017-03-31T10:03:19","date_gmt":"2017-03-31T09:03:19","guid":{"rendered":"http:\/\/2horizontes.com\/?p=63860"},"modified":"2017-03-31T10:03:19","modified_gmt":"2017-03-31T09:03:19","slug":"el-licenciado-en-leyes-rafael-olmo-ramirez-da-su-opinion-sobre-el-libro-cronicas-de-emigrantes","status":"publish","type":"post","link":"https:\/\/2horizontes.com\/?p=63860","title":{"rendered":"El licenciado en leyes Rafael Olmo Ram\u00ecrez,  da su opini\u00f3n sobre el libro Cr\u00f3nicas de emigrantes"},"content":{"rendered":"<p>Tengo el honor de leer \u00e9sta joya llamada \u00abCr\u00f3nicas de Emigrantes\u00bb, <span class=\"text_exposed_show\">una narrativa de vivencias, sufrimientos y logros por las que nos encontramos al emigrar a tierras extranjeras. Una autor\u00eda original de la periodista Carmen Julia Ram\u00edrez Familia una mujer de alto grado de lucha nacida en San Juan de la Maguana, RD pero de padre Azuano donde han nacidos grandes pensadores, escritores, oradores y dramaturgos por ejemplo Hector J. D\u00edas, Carmen hace entrada a Espa\u00f1a en el 2010 e inmediatamente se incorpora a la investigaciones y defensa propia del emigrantes a trav\u00e9s del periodismo; de ah\u00ed, que has tenido que vivir la complejas vidas de diversos emigrantes de cada evidencias se inspira la ideas de escribir su primer libro \u00bb Cr\u00f3nicas de Emigrantes\u00bb. <\/span><\/p>\n<p><span class=\"text_exposed_show\">Es la \u00fanica periodista dominicana en la actualidad, radicada en Europa que ha sacrificado tiempo y recurso para colaborar a esclarecer y llevar hasta la \u00faltima consecuencias investigaciones de hechos lamentables para que el tipo penal punitivos no quede a la indefensi\u00f3n como puedo citar aqu\u00e9l, vil y cruel raptos convertido en homicidios voluntario y pasional en contra de quienes en vida respond\u00edan al nombres de: Adolfina Puello y su hija Argelys de 9 a\u00f1os causado por su ex-pareja en Madrid luego ocultar sus cuerpos en un pozo de Zamora de san Vicente de la cabeza.<\/span><\/p>\n","protected":false},"excerpt":{"rendered":"<p>Tengo el honor de leer \u00e9sta joya llamada \u00abCr\u00f3nicas de Emigrantes\u00bb, una narrativa de vivencias, sufrimientos y logros por las que nos encontramos al emigrar a tierras extranjeras. Una autor\u00eda original de la periodista Carmen Julia Ram\u00edrez Familia una mujer de alto grado de lucha nacida en San Juan de la Maguana, RD pero de [&hellip;]<\/p>\n","protected":false},"author":1,"featured_media":37671,"comment_status":"open","ping_status":"open","sticky":false,"template":"","format":"standard","meta":{"footnotes":""},"categories":[62,46,82],"tags":[],"class_list":["post-63860","post","type-post","status-publish","format-standard","has-post-thumbnail","hentry","category-cultura","category-dominicanos-en-madrid","category-opinion"],"_links":{"self":[{"href":"https:\/\/2horizontes.com\/index.php?rest_route=\/wp\/v2\/posts\/63860","targetHints":{"allow":["GET"]}}],"collection":[{"href":"https:\/\/2horizontes.com\/index.php?rest_route=\/wp\/v2\/posts"}],"about":[{"href":"https:\/\/2horizontes.com\/index.php?rest_route=\/wp\/v2\/types\/post"}],"author":[{"embeddable":true,"href":"https:\/\/2horizontes.com\/index.php?rest_route=\/wp\/v2\/users\/1"}],"replies":[{"embeddable":true,"href":"https:\/\/2horizontes.com\/index.php?rest_route=%2Fwp%2Fv2%2Fcomments&post=63860"}],"version-history":[{"count":1,"href":"https:\/\/2horizontes.com\/index.php?rest_route=\/wp\/v2\/posts\/63860\/revisions"}],"predecessor-version":[{"id":63861,"href":"https:\/\/2horizontes.com\/index.php?rest_route=\/wp\/v2\/posts\/63860\/revisions\/63861"}],"wp:featuredmedia":[{"embeddable":true,"href":"https:\/\/2horizontes.com\/index.php?rest_route=\/wp\/v2\/media\/37671"}],"wp:attachment":[{"href":"https:\/\/2horizontes.com\/index.php?rest_route=%2Fwp%2Fv2%2Fmedia&parent=63860"}],"wp:term":[{"taxonomy":"category","embeddable":true,"href":"https:\/\/2horizontes.com\/index.php?rest_route=%2Fwp%2Fv2%2Fcategories&post=63860"},{"taxonomy":"post_tag","embeddable":true,"href":"https:\/\/2horizontes.com\/index.php?rest_route=%2Fwp%2Fv2%2Ftags&post=63860"}],"curies":[{"name":"wp","href":"https:\/\/api.w.org\/{rel}","templated":true}]}}