{"id":63848,"date":"2017-03-30T21:53:24","date_gmt":"2017-03-30T20:53:24","guid":{"rendered":"http:\/\/2horizontes.com\/?p=63848"},"modified":"2017-03-30T21:53:24","modified_gmt":"2017-03-30T20:53:24","slug":"el-autor-del-busto-de-cristiano-se-defiende-le-gusto-lo-que-vio","status":"publish","type":"post","link":"https:\/\/2horizontes.com\/?p=63848","title":{"rendered":"El autor del busto de Cristiano se defiende: \u00abLe gust\u00f3 lo que vio\u00bb"},"content":{"rendered":"<p class=\"cont-entradilla-art\">El escultor de la obra, Emanuel Santos, est\u00e1 satisfecho con su trabajo y reconoce que el jugador le pidi\u00f3 cambios, pero entiende las cr\u00edticas.<\/p>\n<p class=\"cont-entradilla-art\"><strong><a href=\"http:\/\/futbol.as.com\/futbol\/2017\/03\/29\/primera\/1490785671_165732.html?autoplay=1\" target=\"_blank\">Ayer rebautizaron el aeropuerto de Madeira<\/a> para agregarle el nombre del jugador del Real Madrid, Cristiano Ronaldo. En dicho evento, descubrieron un busto del portugu\u00e9s hecho en bronce.<\/strong>La estatua ha acaparado toda la atenci\u00f3n y <a href=\"http:\/\/futbol.as.com\/futbol\/2017\/03\/29\/album\/1490798632_173298.html#1490798632_173298_1490798825\" target=\"_blank\">los montajes en las redes sobre el mismo no se han hecho esperar.<\/a><\/p>\n<p class=\"cont-entradilla-art\">Su poco parecido con el siete se ha hecho viral y su autor ha salido al paso de las cr\u00edticas. <strong>Emanuel Santos<\/strong> dijo lo siguiente sobre su escultura, tal y como recoge el diario portugu\u00e9s, <em><a href=\"https:\/\/www.abola.pt\/nnh\/ver.aspx?id=663594\" target=\"_blank\" rel=\"nofollow\">&#8216;A Bola&#8217;<\/a><\/em>:<\/p>\n<p class=\"cont-entradilla-art\"><strong>Cristiano vio las fotos que su hermano le envi\u00f3. Estaba con \u00e9l en el Museo de Cristiano y por los mensajes le gustaba lo que ve\u00eda. S\u00f3lo pidi\u00f3 cambiar algunas arrugas que le salen en el rostro cuando se r\u00ede. \u00c9l dijo que le hac\u00eda m\u00e1s guapo y pidi\u00f3 que se suavizara para que pareciera m\u00e1s jovial. Pero sali\u00f3 hacia adelante porque les gust\u00f3 lo que vieron\u00bb.<\/strong><\/p>\n<p class=\"cont-entradilla-art\">\n","protected":false},"excerpt":{"rendered":"<p>El escultor de la obra, Emanuel Santos, est\u00e1 satisfecho con su trabajo y reconoce que el jugador le pidi\u00f3 cambios, pero entiende las cr\u00edticas. Ayer rebautizaron el aeropuerto de Madeira para agregarle el nombre del jugador del Real Madrid, Cristiano Ronaldo. En dicho evento, descubrieron un busto del portugu\u00e9s hecho en bronce.La estatua ha acaparado [&hellip;]<\/p>\n","protected":false},"author":3,"featured_media":63851,"comment_status":"open","ping_status":"open","sticky":false,"template":"","format":"standard","meta":{"footnotes":""},"categories":[42],"tags":[],"class_list":["post-63848","post","type-post","status-publish","format-standard","has-post-thumbnail","hentry","category-deportes"],"_links":{"self":[{"href":"https:\/\/2horizontes.com\/index.php?rest_route=\/wp\/v2\/posts\/63848","targetHints":{"allow":["GET"]}}],"collection":[{"href":"https:\/\/2horizontes.com\/index.php?rest_route=\/wp\/v2\/posts"}],"about":[{"href":"https:\/\/2horizontes.com\/index.php?rest_route=\/wp\/v2\/types\/post"}],"author":[{"embeddable":true,"href":"https:\/\/2horizontes.com\/index.php?rest_route=\/wp\/v2\/users\/3"}],"replies":[{"embeddable":true,"href":"https:\/\/2horizontes.com\/index.php?rest_route=%2Fwp%2Fv2%2Fcomments&post=63848"}],"version-history":[{"count":1,"href":"https:\/\/2horizontes.com\/index.php?rest_route=\/wp\/v2\/posts\/63848\/revisions"}],"predecessor-version":[{"id":63852,"href":"https:\/\/2horizontes.com\/index.php?rest_route=\/wp\/v2\/posts\/63848\/revisions\/63852"}],"wp:featuredmedia":[{"embeddable":true,"href":"https:\/\/2horizontes.com\/index.php?rest_route=\/wp\/v2\/media\/63851"}],"wp:attachment":[{"href":"https:\/\/2horizontes.com\/index.php?rest_route=%2Fwp%2Fv2%2Fmedia&parent=63848"}],"wp:term":[{"taxonomy":"category","embeddable":true,"href":"https:\/\/2horizontes.com\/index.php?rest_route=%2Fwp%2Fv2%2Fcategories&post=63848"},{"taxonomy":"post_tag","embeddable":true,"href":"https:\/\/2horizontes.com\/index.php?rest_route=%2Fwp%2Fv2%2Ftags&post=63848"}],"curies":[{"name":"wp","href":"https:\/\/api.w.org\/{rel}","templated":true}]}}