{"id":63845,"date":"2017-03-30T16:07:20","date_gmt":"2017-03-30T15:07:20","guid":{"rendered":"http:\/\/2horizontes.com\/?p=63845"},"modified":"2017-03-30T16:07:20","modified_gmt":"2017-03-30T15:07:20","slug":"consulado-dominicano-en-genova-celebra-cara-a-cara-con-la-gente-de-tu-barrio","status":"publish","type":"post","link":"https:\/\/2horizontes.com\/?p=63845","title":{"rendered":"Consulado Dominicano en G\u00e9nova celebra \u201cCara a cara con la gente de tu barrio\u201d"},"content":{"rendered":"<p><strong>G\u00e9nova, Italia._<\/strong>El Consulado General de la Rep\u00fablica Dominicana en G\u00e9nova se traslad\u00f3 a Bolo\u00f1a, Regio Emilia, M\u00f3dena, Parma, R\u00edmini y Bolo\u00f1a con el objetivo de estrechar lazos con las autoridades italianas y dialogar sobre las diferentes problem\u00e1ticas que afectan a los ciudadanos dominicanos residentes en la Regi\u00f3n de Emilia Romana, buscarles soluciones, informar, solicitar y retirar documentos emitidos por la misi\u00f3n consular para evitarles grandes desplazamientos en las solicitudes de documentos.<\/p>\n<p>El recorrido se inici\u00f3 el viernes 24 en Casalecchio di Reno, Bolo\u00f1a. Encuentro con la Dra. Anna Verga directora de exportaciones de la Coop Italia, para promocionar la exportaci\u00f3n de productos dominicanos hacia Italia e invitarle a participar en la 6\u00ba Feria Agroalimentaria 2017, Feria Internacional de Alimentos y Bebidas, que se realizar\u00e1 en Santo Domingo del 18 al 20 de mayo.<\/p>\n<p>En la reuni\u00f3n se proyect\u00f3 una presentaci\u00f3n de los productos, el perfil pa\u00eds, la normativa aplicable y las facilidades para los inversionistas extranjeros. Adem\u00e1s, la se\u00f1ora Verga realiz\u00f3 una presentaci\u00f3n de la COOP, los productos que importan y los pa\u00edses de procedencia. Tambi\u00e9n la posibilidad de crear bolsas de trabajo en las diferentes cooperativas que forman parte de ese ente.<\/p>\n<p>El viernes 24 en la tarde nos reunimos con la Comunidad Dominicana de Reggio Emilia, el S\u00e1bado 25 en M\u00f3dena y Parma, el domingo 26 en R\u00edmini; los encuentros fueron interactivos con una ponencia inicial del C\u00f3nsul General Dr. Santiago Rodr\u00edguez Figuereo para informar sobre el papel de los consulados y los servicios que realiza en beneficio de los ciudadanos, por primera vez en Europa se instal\u00f3 una ventanilla \u00fanica para la gesti\u00f3n de documentos y ofrecer informaci\u00f3n general a los ciudadanos que las requieran, quienes valoraron muy bien la iniciativa y manifestaron que nunca hab\u00edan sido visitado por ning\u00fan consulado, que esperan que se contin\u00fae con los operativos porque tienen bastantes dificultad para desplazarse por motivo de trabajo, adem\u00e1s del gasto de tiempo y dinero.<\/p>\n<p>La oficina consular estaba equipada con computadoras, impresora y esc\u00e1ner conectados con las instalaciones de Consulado General para la emisi\u00f3n de documentos in line. Proyecto innovador que marca el inicio de un proceso destinado a mejorar los servicios y prestaciones que el Consulado General de la Rep\u00fablica Dominicana en G\u00e9nova dirige a los ciudadanos que residen en su jurisdicci\u00f3n.<\/p>\n<p>Para facilitar la plena participaci\u00f3n de los connacionales en la vida social, econ\u00f3mica y pol\u00edtica de los dominicanos en su territorio de residencia, evitando que tengan que desplazarse por grandes distancias lo que permite de ahorrar tiempo y dinero.<\/p>\n<p>Lunes 27 en Bolo\u00f1a, nos reunimos con el Dr. Andrea Corsini asesor regional al comercio y turismo, para fomentar la exportaci\u00f3n de productos dominicanos e importaci\u00f3n de productos de la Regi\u00f3n de Emilia Romana. Adem\u00e1s de proponer intercambios comerciales y promover la generaci\u00f3n de empleo de nuestros connacionales en el sector tur\u00edstico hotelero.<\/p>\n<p>Dr. Ignazio Coccia Questore de la Jefatura de Polic\u00eda y con el Dr. Ennio Mario Sodano Prefecto del Ministerio de Interior, que nos informaron que la Comunidad Dominicana es bien valorada por las autoridades italianas y que est\u00e1n bien integrados.<\/p>\n","protected":false},"excerpt":{"rendered":"<p>G\u00e9nova, Italia._El Consulado General de la Rep\u00fablica Dominicana en G\u00e9nova se traslad\u00f3 a Bolo\u00f1a, Regio Emilia, M\u00f3dena, Parma, R\u00edmini y Bolo\u00f1a con el objetivo de estrechar lazos con las autoridades italianas y dialogar sobre las diferentes problem\u00e1ticas que afectan a los ciudadanos dominicanos residentes en la Regi\u00f3n de Emilia Romana, buscarles soluciones, informar, solicitar y [&hellip;]<\/p>\n","protected":false},"author":4,"featured_media":63846,"comment_status":"open","ping_status":"open","sticky":false,"template":"","format":"standard","meta":{"footnotes":""},"categories":[43],"tags":[],"class_list":["post-63845","post","type-post","status-publish","format-standard","has-post-thumbnail","hentry","category-politica"],"_links":{"self":[{"href":"https:\/\/2horizontes.com\/index.php?rest_route=\/wp\/v2\/posts\/63845","targetHints":{"allow":["GET"]}}],"collection":[{"href":"https:\/\/2horizontes.com\/index.php?rest_route=\/wp\/v2\/posts"}],"about":[{"href":"https:\/\/2horizontes.com\/index.php?rest_route=\/wp\/v2\/types\/post"}],"author":[{"embeddable":true,"href":"https:\/\/2horizontes.com\/index.php?rest_route=\/wp\/v2\/users\/4"}],"replies":[{"embeddable":true,"href":"https:\/\/2horizontes.com\/index.php?rest_route=%2Fwp%2Fv2%2Fcomments&post=63845"}],"version-history":[{"count":1,"href":"https:\/\/2horizontes.com\/index.php?rest_route=\/wp\/v2\/posts\/63845\/revisions"}],"predecessor-version":[{"id":63847,"href":"https:\/\/2horizontes.com\/index.php?rest_route=\/wp\/v2\/posts\/63845\/revisions\/63847"}],"wp:featuredmedia":[{"embeddable":true,"href":"https:\/\/2horizontes.com\/index.php?rest_route=\/wp\/v2\/media\/63846"}],"wp:attachment":[{"href":"https:\/\/2horizontes.com\/index.php?rest_route=%2Fwp%2Fv2%2Fmedia&parent=63845"}],"wp:term":[{"taxonomy":"category","embeddable":true,"href":"https:\/\/2horizontes.com\/index.php?rest_route=%2Fwp%2Fv2%2Fcategories&post=63845"},{"taxonomy":"post_tag","embeddable":true,"href":"https:\/\/2horizontes.com\/index.php?rest_route=%2Fwp%2Fv2%2Ftags&post=63845"}],"curies":[{"name":"wp","href":"https:\/\/api.w.org\/{rel}","templated":true}]}}