{"id":63746,"date":"2017-03-24T14:10:00","date_gmt":"2017-03-24T13:10:00","guid":{"rendered":"http:\/\/2horizontes.com\/?p=63746"},"modified":"2017-03-24T14:10:00","modified_gmt":"2017-03-24T13:10:00","slug":"detenida-en-sevilla-la-pareja-de-paco-sanz-una-joven-de-19-anos","status":"publish","type":"post","link":"https:\/\/2horizontes.com\/?p=63746","title":{"rendered":"Detenida en Sevilla la pareja de Paco Sanz, una joven de 19 a\u00f1os"},"content":{"rendered":"<p>La Polic\u00eda Nacional ha detenido en Sevilla a una joven de 19 a\u00f1os con la que <b>Paco Sanz<\/b>, el valenciano que aseguraba sufrir<b> 2.000 tumores<\/b>, manten\u00eda una relaci\u00f3n sentimental. Est\u00e1 acusada de delitos de apropiaci\u00f3n indebida y de blanqueo de capitales, seg\u00fan han informado fuentes policiales.<\/p>\n<p>La detenida se llama Luc\u00eda y durante algunos meses mantuvo una relaci\u00f3n con Paco Sanz que aire\u00f3 en las redes sociales. Ella abri\u00f3 incluso un canal en Youtube para defender la causa de Paco y tambi\u00e9n su relaci\u00f3n, porque muchos seguidores criticaban que se llevaran m\u00e1s de 20 a\u00f1os de diferencia. La Polic\u00eda la ha detenido durante unas horas en Sevilla. Tras declarar, fue puesta en<b> libertad con cargos<\/b>, han concretado las mismas fuentes.<\/p>\n","protected":false},"excerpt":{"rendered":"<p>La Polic\u00eda Nacional ha detenido en Sevilla a una joven de 19 a\u00f1os con la que Paco Sanz, el valenciano que aseguraba sufrir 2.000 tumores, manten\u00eda una relaci\u00f3n sentimental. Est\u00e1 acusada de delitos de apropiaci\u00f3n indebida y de blanqueo de capitales, seg\u00fan han informado fuentes policiales. La detenida se llama Luc\u00eda y durante algunos meses [&hellip;]<\/p>\n","protected":false},"author":3,"featured_media":63747,"comment_status":"open","ping_status":"open","sticky":false,"template":"","format":"standard","meta":{"footnotes":""},"categories":[85],"tags":[],"class_list":["post-63746","post","type-post","status-publish","format-standard","has-post-thumbnail","hentry","category-espana"],"_links":{"self":[{"href":"https:\/\/2horizontes.com\/index.php?rest_route=\/wp\/v2\/posts\/63746","targetHints":{"allow":["GET"]}}],"collection":[{"href":"https:\/\/2horizontes.com\/index.php?rest_route=\/wp\/v2\/posts"}],"about":[{"href":"https:\/\/2horizontes.com\/index.php?rest_route=\/wp\/v2\/types\/post"}],"author":[{"embeddable":true,"href":"https:\/\/2horizontes.com\/index.php?rest_route=\/wp\/v2\/users\/3"}],"replies":[{"embeddable":true,"href":"https:\/\/2horizontes.com\/index.php?rest_route=%2Fwp%2Fv2%2Fcomments&post=63746"}],"version-history":[{"count":1,"href":"https:\/\/2horizontes.com\/index.php?rest_route=\/wp\/v2\/posts\/63746\/revisions"}],"predecessor-version":[{"id":63748,"href":"https:\/\/2horizontes.com\/index.php?rest_route=\/wp\/v2\/posts\/63746\/revisions\/63748"}],"wp:featuredmedia":[{"embeddable":true,"href":"https:\/\/2horizontes.com\/index.php?rest_route=\/wp\/v2\/media\/63747"}],"wp:attachment":[{"href":"https:\/\/2horizontes.com\/index.php?rest_route=%2Fwp%2Fv2%2Fmedia&parent=63746"}],"wp:term":[{"taxonomy":"category","embeddable":true,"href":"https:\/\/2horizontes.com\/index.php?rest_route=%2Fwp%2Fv2%2Fcategories&post=63746"},{"taxonomy":"post_tag","embeddable":true,"href":"https:\/\/2horizontes.com\/index.php?rest_route=%2Fwp%2Fv2%2Ftags&post=63746"}],"curies":[{"name":"wp","href":"https:\/\/api.w.org\/{rel}","templated":true}]}}