{"id":63742,"date":"2017-03-24T12:46:38","date_gmt":"2017-03-24T11:46:38","guid":{"rendered":"http:\/\/2horizontes.com\/?p=63742"},"modified":"2017-03-24T12:46:38","modified_gmt":"2017-03-24T11:46:38","slug":"el-padre-de-andreas-lubitz-niega-que-la-catastrofe-la-provocara-el-suicidio-de-su-hijo","status":"publish","type":"post","link":"https:\/\/2horizontes.com\/?p=63742","title":{"rendered":"El padre de Andreas Lubitz niega que la cat\u00e1strofe la provocara el suicidio de su hijo"},"content":{"rendered":"<p>El padre de <b>Andreas Lubitz<\/b>, el copiloto del avi\u00f3n de <b>Germanwings<\/b><a href=\"http:\/\/www.lavanguardia.com\/sucesos\/20150324\/54428407560\/avion-airbus-320-barcelona-dusseldorf.html\" target=\"_blank\">que en 2015 se estrell\u00f3 contra los <\/a><b><a href=\"http:\/\/www.lavanguardia.com\/sucesos\/20150324\/54428407560\/avion-airbus-320-barcelona-dusseldorf.html\" target=\"_blank\">Alpes franceses<\/a> <\/b>con 150 personas a bordo mientras cubr\u00eda el trayecto Barcelona &#8211; Dusseldorf, denuncia errores en la investigaci\u00f3n y niega que su hijo provocara deliberadamente la cat\u00e1strofe. Estas declaraciones de G\u00fcnter Lubitz hechas al semanario <i>Der Zeit <\/i>coinciden con la v\u00edspera del segundo aniversario de la tragedia, en el que se llevar\u00e1n a cabo diversos actos de homenaje a las v\u00edctimas.<\/p>\n<p>\u00abHay claramente muchas cosas que no se investigaron en absoluto, tal vez porque no quer\u00edan investigarlas\u00bb, afirma Lubitz, que es la primera vez que comparece ante los medios de comunicaci\u00f3n para explicar su versi\u00f3n de los hechos. El vuelo 4U9525 de Germanwings, filial de bajo coste de la aerol\u00ednea alemana Lufthansa, que hab\u00eda despegado de Barcelona el 24 de marzo a las 10.10 horas con destino a Dusseldorf, se estrell\u00f3 contra los Alpes franceses por la acci\u00f3n deliberada y suicida de su copiloto, seg\u00fan la investigaci\u00f3n.<\/p>\n","protected":false},"excerpt":{"rendered":"<p>El padre de Andreas Lubitz, el copiloto del avi\u00f3n de Germanwingsque en 2015 se estrell\u00f3 contra los Alpes franceses con 150 personas a bordo mientras cubr\u00eda el trayecto Barcelona &#8211; Dusseldorf, denuncia errores en la investigaci\u00f3n y niega que su hijo provocara deliberadamente la cat\u00e1strofe. Estas declaraciones de G\u00fcnter Lubitz hechas al semanario Der Zeit [&hellip;]<\/p>\n","protected":false},"author":3,"featured_media":63743,"comment_status":"open","ping_status":"open","sticky":false,"template":"","format":"standard","meta":{"footnotes":""},"categories":[40],"tags":[],"class_list":["post-63742","post","type-post","status-publish","format-standard","has-post-thumbnail","hentry","category-internacionales"],"_links":{"self":[{"href":"https:\/\/2horizontes.com\/index.php?rest_route=\/wp\/v2\/posts\/63742","targetHints":{"allow":["GET"]}}],"collection":[{"href":"https:\/\/2horizontes.com\/index.php?rest_route=\/wp\/v2\/posts"}],"about":[{"href":"https:\/\/2horizontes.com\/index.php?rest_route=\/wp\/v2\/types\/post"}],"author":[{"embeddable":true,"href":"https:\/\/2horizontes.com\/index.php?rest_route=\/wp\/v2\/users\/3"}],"replies":[{"embeddable":true,"href":"https:\/\/2horizontes.com\/index.php?rest_route=%2Fwp%2Fv2%2Fcomments&post=63742"}],"version-history":[{"count":1,"href":"https:\/\/2horizontes.com\/index.php?rest_route=\/wp\/v2\/posts\/63742\/revisions"}],"predecessor-version":[{"id":63744,"href":"https:\/\/2horizontes.com\/index.php?rest_route=\/wp\/v2\/posts\/63742\/revisions\/63744"}],"wp:featuredmedia":[{"embeddable":true,"href":"https:\/\/2horizontes.com\/index.php?rest_route=\/wp\/v2\/media\/63743"}],"wp:attachment":[{"href":"https:\/\/2horizontes.com\/index.php?rest_route=%2Fwp%2Fv2%2Fmedia&parent=63742"}],"wp:term":[{"taxonomy":"category","embeddable":true,"href":"https:\/\/2horizontes.com\/index.php?rest_route=%2Fwp%2Fv2%2Fcategories&post=63742"},{"taxonomy":"post_tag","embeddable":true,"href":"https:\/\/2horizontes.com\/index.php?rest_route=%2Fwp%2Fv2%2Ftags&post=63742"}],"curies":[{"name":"wp","href":"https:\/\/api.w.org\/{rel}","templated":true}]}}