{"id":63739,"date":"2017-03-24T12:42:33","date_gmt":"2017-03-24T11:42:33","guid":{"rendered":"http:\/\/2horizontes.com\/?p=63739"},"modified":"2017-03-24T12:42:33","modified_gmt":"2017-03-24T11:42:33","slug":"muere-una-alumna-en-mitad-de-una-clase-en-la-universidad-de-malaga","status":"publish","type":"post","link":"https:\/\/2horizontes.com\/?p=63739","title":{"rendered":"Muere una alumna en mitad de una clase en la Universidad de M\u00e1laga"},"content":{"rendered":"<p>La Facultad de Comercio y Gesti\u00f3n de la Universidad de M\u00e1laga (UAM) ha suspendido la actividad docente este mi\u00e9rcoles en se\u00f1al de luto por la <b>muerte<\/b>, ayer martes, de una <b>alumna <\/b>del centro, del grado en M\u00e1rketing de Mercados. La joven, Carmen V. M., de unos 25 \u00f3 26 a\u00f1os, sufri\u00f3 una <b>parada <\/b><b>cardiaca <\/b>cuando se encontraba en clase de Comportamiento de Mercados, seg\u00fan publica el diario <a href=\"http:\/\/www.diariosur.es\/malaga-capital\/201703\/21\/fallece-alumna-durante-clase-20170321214849.html\" target=\"_blank\" rel=\"nofollow\"><i>Sur<\/i> <\/a>.<\/p>\n<p>Seg\u00fan el testimonio de algunos compa\u00f1eros, la chica perdi\u00f3 el conocimiento y acto seguido se desplom\u00f3 sobre el pupitre. Mientras esperaban la llegada de los servicios de emergencia, un compa\u00f1ero le hizo un masaje cardiovascular siguiendo las instrucciones que le daban los sanitarios por tel\u00e9fono. Pero nada pudo hacer por ella, tampoco la ambulancia cuando lleg\u00f3.<\/p>\n<p>Algunos estudiantes se quejaron de que la ambulancia tard\u00f3 mucho en llegar. Aseguran que unos 20 minutos, aunque el decano se\u00f1al\u00f3 que fueron sobre 12 minutos.<\/p>\n<p>La Facultad de Comercio y Gesti\u00f3n no cuenta con desfibrilador. En realidad, son muy pocos los centros que cuentan con este instrumental, seg\u00fan asegura el diario Sur, que puede salvar vidas en casos de parada cardiaca. Aunque fuentes de la UMA no pudieron concretar un n\u00famero, son pocos los centros con desfibrilador, de los que s\u00ed cuentan las instalaciones deportivas de la UMA, donde por ley es obligatorio.<\/p>\n","protected":false},"excerpt":{"rendered":"<p>La Facultad de Comercio y Gesti\u00f3n de la Universidad de M\u00e1laga (UAM) ha suspendido la actividad docente este mi\u00e9rcoles en se\u00f1al de luto por la muerte, ayer martes, de una alumna del centro, del grado en M\u00e1rketing de Mercados. La joven, Carmen V. M., de unos 25 \u00f3 26 a\u00f1os, sufri\u00f3 una parada cardiaca cuando [&hellip;]<\/p>\n","protected":false},"author":3,"featured_media":63740,"comment_status":"open","ping_status":"open","sticky":false,"template":"","format":"standard","meta":{"footnotes":""},"categories":[85],"tags":[],"class_list":["post-63739","post","type-post","status-publish","format-standard","has-post-thumbnail","hentry","category-espana"],"_links":{"self":[{"href":"https:\/\/2horizontes.com\/index.php?rest_route=\/wp\/v2\/posts\/63739","targetHints":{"allow":["GET"]}}],"collection":[{"href":"https:\/\/2horizontes.com\/index.php?rest_route=\/wp\/v2\/posts"}],"about":[{"href":"https:\/\/2horizontes.com\/index.php?rest_route=\/wp\/v2\/types\/post"}],"author":[{"embeddable":true,"href":"https:\/\/2horizontes.com\/index.php?rest_route=\/wp\/v2\/users\/3"}],"replies":[{"embeddable":true,"href":"https:\/\/2horizontes.com\/index.php?rest_route=%2Fwp%2Fv2%2Fcomments&post=63739"}],"version-history":[{"count":1,"href":"https:\/\/2horizontes.com\/index.php?rest_route=\/wp\/v2\/posts\/63739\/revisions"}],"predecessor-version":[{"id":63741,"href":"https:\/\/2horizontes.com\/index.php?rest_route=\/wp\/v2\/posts\/63739\/revisions\/63741"}],"wp:featuredmedia":[{"embeddable":true,"href":"https:\/\/2horizontes.com\/index.php?rest_route=\/wp\/v2\/media\/63740"}],"wp:attachment":[{"href":"https:\/\/2horizontes.com\/index.php?rest_route=%2Fwp%2Fv2%2Fmedia&parent=63739"}],"wp:term":[{"taxonomy":"category","embeddable":true,"href":"https:\/\/2horizontes.com\/index.php?rest_route=%2Fwp%2Fv2%2Fcategories&post=63739"},{"taxonomy":"post_tag","embeddable":true,"href":"https:\/\/2horizontes.com\/index.php?rest_route=%2Fwp%2Fv2%2Ftags&post=63739"}],"curies":[{"name":"wp","href":"https:\/\/api.w.org\/{rel}","templated":true}]}}