{"id":63593,"date":"2017-03-17T11:29:25","date_gmt":"2017-03-17T10:29:25","guid":{"rendered":"http:\/\/2horizontes.com\/?p=63593"},"modified":"2017-03-17T11:29:25","modified_gmt":"2017-03-17T10:29:25","slug":"aumentan-a-62-los-muertos-por-el-desastre-natural-que-enluta-a-peru","status":"publish","type":"post","link":"https:\/\/2horizontes.com\/?p=63593","title":{"rendered":"Aumentan a 62 los muertos por el desastre natural que enluta a Per\u00fa"},"content":{"rendered":"<div class=\"row\">\n<div class=\" col-md-offset-1 col-md-7 col-sm-12 col-xs-12 col-print-12\">\n<p class=\"element element-paragraph\">Per\u00fa\u00a0afronta <strong>uno de los desastres naturales m\u00e1s fuertes<\/strong> de las \u00faltimas d\u00e9cadas, con <strong>lluvias<\/strong>,<strong> inundaciones <\/strong>y<strong> aludes <\/strong>que afectan a 20 de las 25 regiones del pa\u00eds y han causado, hasta el momento, al menos62 muertos\u00a0<strong>y m\u00e1s de 56.293 damnificados<\/strong>, seg\u00fan los \u00faltimos reportes oficiales.<\/p>\n<\/div>\n<\/div>\n<div class=\"row\">\n<div class=\" col-md-offset-1 col-md-7 col-sm-12 col-xs-12 col-print-12\">\n<p class=\"element element-paragraph\">El Instituto Nacional de Defensa Civil (Indeci) agreg\u00f3 que el fen\u00f3meno clim\u00e1tico ha afectado a <strong>m\u00e1s de 546.000 personas<\/strong> y <strong>destruido 6.500 viviendas, 27 escuelas y un centro de salud<\/strong>.<\/p>\n<\/div>\n<\/div>\n<div class=\"row\">\n<div class=\" col-md-offset-1 col-md-7 col-sm-12 col-xs-12 col-print-12\">\n<p class=\"element element-paragraph\">Los informes por regiones del <strong>Indeci<\/strong> precisaron la situaci\u00f3n de la <strong>emergencia en varias zonas del pa\u00eds<\/strong>, sobre todo en la costa norte, duramente afectada por las lluvias.<\/p>\n<\/div>\n<\/div>\n","protected":false},"excerpt":{"rendered":"<p>Per\u00fa\u00a0afronta uno de los desastres naturales m\u00e1s fuertes de las \u00faltimas d\u00e9cadas, con lluvias, inundaciones y aludes que afectan a 20 de las 25 regiones del pa\u00eds y han causado, hasta el momento, al menos62 muertos\u00a0y m\u00e1s de 56.293 damnificados, seg\u00fan los \u00faltimos reportes oficiales. El Instituto Nacional de Defensa Civil (Indeci) agreg\u00f3 que el [&hellip;]<\/p>\n","protected":false},"author":3,"featured_media":63594,"comment_status":"open","ping_status":"open","sticky":false,"template":"","format":"standard","meta":{"footnotes":""},"categories":[40],"tags":[],"class_list":["post-63593","post","type-post","status-publish","format-standard","has-post-thumbnail","hentry","category-internacionales"],"_links":{"self":[{"href":"https:\/\/2horizontes.com\/index.php?rest_route=\/wp\/v2\/posts\/63593","targetHints":{"allow":["GET"]}}],"collection":[{"href":"https:\/\/2horizontes.com\/index.php?rest_route=\/wp\/v2\/posts"}],"about":[{"href":"https:\/\/2horizontes.com\/index.php?rest_route=\/wp\/v2\/types\/post"}],"author":[{"embeddable":true,"href":"https:\/\/2horizontes.com\/index.php?rest_route=\/wp\/v2\/users\/3"}],"replies":[{"embeddable":true,"href":"https:\/\/2horizontes.com\/index.php?rest_route=%2Fwp%2Fv2%2Fcomments&post=63593"}],"version-history":[{"count":1,"href":"https:\/\/2horizontes.com\/index.php?rest_route=\/wp\/v2\/posts\/63593\/revisions"}],"predecessor-version":[{"id":63595,"href":"https:\/\/2horizontes.com\/index.php?rest_route=\/wp\/v2\/posts\/63593\/revisions\/63595"}],"wp:featuredmedia":[{"embeddable":true,"href":"https:\/\/2horizontes.com\/index.php?rest_route=\/wp\/v2\/media\/63594"}],"wp:attachment":[{"href":"https:\/\/2horizontes.com\/index.php?rest_route=%2Fwp%2Fv2%2Fmedia&parent=63593"}],"wp:term":[{"taxonomy":"category","embeddable":true,"href":"https:\/\/2horizontes.com\/index.php?rest_route=%2Fwp%2Fv2%2Fcategories&post=63593"},{"taxonomy":"post_tag","embeddable":true,"href":"https:\/\/2horizontes.com\/index.php?rest_route=%2Fwp%2Fv2%2Ftags&post=63593"}],"curies":[{"name":"wp","href":"https:\/\/api.w.org\/{rel}","templated":true}]}}