{"id":63569,"date":"2017-03-16T12:14:34","date_gmt":"2017-03-16T11:14:34","guid":{"rendered":"http:\/\/2horizontes.com\/?p=63569"},"modified":"2017-03-16T12:14:34","modified_gmt":"2017-03-16T11:14:34","slug":"la-policia-investiga-una-quedada-entre-bandas-latinas-que-acabo-con-once-detenidos","status":"publish","type":"post","link":"https:\/\/2horizontes.com\/?p=63569","title":{"rendered":"La Polic\u00eda investiga una quedada entre bandas latinas que acab\u00f3 con once detenidos"},"content":{"rendered":"<p>La <a href=\"http:\/\/www.madridactual.es\/en-madrid-hoy\/policia-nacional\"><strong>Polic\u00eda Nacional<\/strong><\/a> investiga una reyerta entre bandas latinas que tuvo lugar el pasado domingo en el barrio de Aluche de <a href=\"http:\/\/www.madridactual.es\/madrid-noticias\/\"><strong>Madrid<\/strong><\/a> tras la que fueron arrestados once j\u00f3venes, tres de ellos menores, que hab\u00edan quedado para pelearse.<\/p>\n<p>Seg\u00fan ha publicado el diario El Mundo y han confirmado fuentes de la Jefatura Superior de Polic\u00eda, el <a href=\"http:\/\/www.madridactual.es\/sucesos-madrid\/\"><strong>suceso<\/strong><\/a> ocurri\u00f3 sobre las once de la noche del pasado domingo en el parque Patricio Mart\u00ednez de la capital, donde un grupo de Dominican Don&#8217;t Play y otro de \u00d1etas hab\u00edan quedado para quedarse, seg\u00fan se ha concretado luego.<\/p>\n<p>Los vecinos oyeron disparos y llamaron a la Polic\u00eda, que al acudir detuvo a once j\u00f3venes, tres de ellos menores de edad, miembros de ambas bandas latinas y de nacionalidades espa\u00f1ola, dominicana y ecuatoriana.<\/p>\n<p>Se les intervinieron varias armas de fuego y armas blancas, y se descubrieron varias vainas en el suelo, procedentes de varios disparos.<\/p>\n","protected":false},"excerpt":{"rendered":"<p>La Polic\u00eda Nacional investiga una reyerta entre bandas latinas que tuvo lugar el pasado domingo en el barrio de Aluche de Madrid tras la que fueron arrestados once j\u00f3venes, tres de ellos menores, que hab\u00edan quedado para pelearse. Seg\u00fan ha publicado el diario El Mundo y han confirmado fuentes de la Jefatura Superior de Polic\u00eda, [&hellip;]<\/p>\n","protected":false},"author":3,"featured_media":63570,"comment_status":"open","ping_status":"open","sticky":false,"template":"","format":"standard","meta":{"footnotes":""},"categories":[85],"tags":[],"class_list":["post-63569","post","type-post","status-publish","format-standard","has-post-thumbnail","hentry","category-espana"],"_links":{"self":[{"href":"https:\/\/2horizontes.com\/index.php?rest_route=\/wp\/v2\/posts\/63569","targetHints":{"allow":["GET"]}}],"collection":[{"href":"https:\/\/2horizontes.com\/index.php?rest_route=\/wp\/v2\/posts"}],"about":[{"href":"https:\/\/2horizontes.com\/index.php?rest_route=\/wp\/v2\/types\/post"}],"author":[{"embeddable":true,"href":"https:\/\/2horizontes.com\/index.php?rest_route=\/wp\/v2\/users\/3"}],"replies":[{"embeddable":true,"href":"https:\/\/2horizontes.com\/index.php?rest_route=%2Fwp%2Fv2%2Fcomments&post=63569"}],"version-history":[{"count":1,"href":"https:\/\/2horizontes.com\/index.php?rest_route=\/wp\/v2\/posts\/63569\/revisions"}],"predecessor-version":[{"id":63571,"href":"https:\/\/2horizontes.com\/index.php?rest_route=\/wp\/v2\/posts\/63569\/revisions\/63571"}],"wp:featuredmedia":[{"embeddable":true,"href":"https:\/\/2horizontes.com\/index.php?rest_route=\/wp\/v2\/media\/63570"}],"wp:attachment":[{"href":"https:\/\/2horizontes.com\/index.php?rest_route=%2Fwp%2Fv2%2Fmedia&parent=63569"}],"wp:term":[{"taxonomy":"category","embeddable":true,"href":"https:\/\/2horizontes.com\/index.php?rest_route=%2Fwp%2Fv2%2Fcategories&post=63569"},{"taxonomy":"post_tag","embeddable":true,"href":"https:\/\/2horizontes.com\/index.php?rest_route=%2Fwp%2Fv2%2Ftags&post=63569"}],"curies":[{"name":"wp","href":"https:\/\/api.w.org\/{rel}","templated":true}]}}