{"id":63558,"date":"2017-03-16T12:05:38","date_gmt":"2017-03-16T11:05:38","guid":{"rendered":"http:\/\/2horizontes.com\/?p=63558"},"modified":"2017-03-16T12:05:38","modified_gmt":"2017-03-16T11:05:38","slug":"11-detenidos-en-una-pelea-a-tiros-y-navajazos-entre-bandas-latinas","status":"publish","type":"post","link":"https:\/\/2horizontes.com\/?p=63558","title":{"rendered":"11 detenidos en una pelea a tiros y navajazos entre bandas latinas"},"content":{"rendered":"<p>La Polic\u00eda Nacional, en concreto los agentes GAC y de las Comisar\u00edas de Carabanchel y Latina, han detenido a 11 j\u00f3venes, tres de ellos menores de edad, tras una <strong>pelea entre miembros de bandas latinas ocurrida el domingo por la noche en la plaza Patricio Mart\u00ednez<\/strong> del distrito de Latina, muy cerca de la autov\u00eda de Extremadura. Los arrestados son ecuatorianos, dominicanos y espa\u00f1oles y se investiga si pertenecen a las bandas DDP o a los \u00d1etas.<\/p>\n<p>El caso est\u00e1 siendo investigado por agentes del grupo de bandas latinas de la Brigada Provincial de Informaci\u00f3n.<br \/>\nEn la pelea <strong>se produjeron al menos cuatro disparos<\/strong>, seg\u00fan los testigos. La Polic\u00eda requis\u00f3 en el lugar dos pistolas, tres bolomachetes, tres cuchillos y cuatro casquillos de bala.<\/p>\n","protected":false},"excerpt":{"rendered":"<p>La Polic\u00eda Nacional, en concreto los agentes GAC y de las Comisar\u00edas de Carabanchel y Latina, han detenido a 11 j\u00f3venes, tres de ellos menores de edad, tras una pelea entre miembros de bandas latinas ocurrida el domingo por la noche en la plaza Patricio Mart\u00ednez del distrito de Latina, muy cerca de la autov\u00eda [&hellip;]<\/p>\n","protected":false},"author":3,"featured_media":63559,"comment_status":"open","ping_status":"open","sticky":false,"template":"","format":"standard","meta":{"footnotes":""},"categories":[85],"tags":[],"class_list":["post-63558","post","type-post","status-publish","format-standard","has-post-thumbnail","hentry","category-espana"],"_links":{"self":[{"href":"https:\/\/2horizontes.com\/index.php?rest_route=\/wp\/v2\/posts\/63558","targetHints":{"allow":["GET"]}}],"collection":[{"href":"https:\/\/2horizontes.com\/index.php?rest_route=\/wp\/v2\/posts"}],"about":[{"href":"https:\/\/2horizontes.com\/index.php?rest_route=\/wp\/v2\/types\/post"}],"author":[{"embeddable":true,"href":"https:\/\/2horizontes.com\/index.php?rest_route=\/wp\/v2\/users\/3"}],"replies":[{"embeddable":true,"href":"https:\/\/2horizontes.com\/index.php?rest_route=%2Fwp%2Fv2%2Fcomments&post=63558"}],"version-history":[{"count":1,"href":"https:\/\/2horizontes.com\/index.php?rest_route=\/wp\/v2\/posts\/63558\/revisions"}],"predecessor-version":[{"id":63560,"href":"https:\/\/2horizontes.com\/index.php?rest_route=\/wp\/v2\/posts\/63558\/revisions\/63560"}],"wp:featuredmedia":[{"embeddable":true,"href":"https:\/\/2horizontes.com\/index.php?rest_route=\/wp\/v2\/media\/63559"}],"wp:attachment":[{"href":"https:\/\/2horizontes.com\/index.php?rest_route=%2Fwp%2Fv2%2Fmedia&parent=63558"}],"wp:term":[{"taxonomy":"category","embeddable":true,"href":"https:\/\/2horizontes.com\/index.php?rest_route=%2Fwp%2Fv2%2Fcategories&post=63558"},{"taxonomy":"post_tag","embeddable":true,"href":"https:\/\/2horizontes.com\/index.php?rest_route=%2Fwp%2Fv2%2Ftags&post=63558"}],"curies":[{"name":"wp","href":"https:\/\/api.w.org\/{rel}","templated":true}]}}