{"id":63555,"date":"2017-03-16T12:03:35","date_gmt":"2017-03-16T11:03:35","guid":{"rendered":"http:\/\/2horizontes.com\/?p=63555"},"modified":"2017-03-16T12:03:35","modified_gmt":"2017-03-16T11:03:35","slug":"un-joven-transexual-se-suicida-por-el-acoso-social-y-el-rechazo-familiar-en-colombia","status":"publish","type":"post","link":"https:\/\/2horizontes.com\/?p=63555","title":{"rendered":"Un joven transexual se suicida por el acoso social y el rechazo familiar en Colombia"},"content":{"rendered":"<div class=\"barrasup\">\n<p>El cuerpo sin vida de <strong>Heydeth Gonz\u00e1lez<\/strong>, de 19 a\u00f1os de edad, residente en Chinquir\u00e1, es encontrado la ma\u00f1ana del mi\u00e9rcoles, 15 de marzo,<strong> en un parque del municipio de Pauna<\/strong>, provincia de Occidente en el departamento de Boyac\u00e1, donde se hab\u00eda desplazado para pasar un tiempo con su familia. Desde que hiciera p\u00fablica su identidad de g\u00e9nero hace cinco a\u00f1os, Gonz\u00e1lez se hab\u00eda tenido que acostumbrar al <strong>rechazo de amigos y familiares, adem\u00e1s de ser objeto de burlas y acoso social <\/strong>que le llevan a un profunda depresi\u00f3n que le ha llevado al suicidio despu\u00e9s de tener una fuerte discusi\u00f3n con su madre.<\/p>\n<p>\u00abLa homofobia est\u00e1 matando Boyacenses, y de la manera m\u00e1s cruel: el suicidio\u201d, se\u00f1ala <strong>Alejandro de la Pern\u00eda<\/strong>, activista de Boyac\u00e1 al conocer la tr\u00e1gica muerte de Gonz\u00e1lez, quien <strong>se habr\u00eda acercado con una soga y un cuchillo a un lugar frecuentado por las parejas para colgarse de un \u00e1rbol<\/strong>. Algunas versiones apuntan a que saca el cuchillo para cortar la soga en el \u00faltimo momento, pero su cuello cede antes de que le de tiempo de reaccionar.<\/p>\n<\/div>\n","protected":false},"excerpt":{"rendered":"<p>El cuerpo sin vida de Heydeth Gonz\u00e1lez, de 19 a\u00f1os de edad, residente en Chinquir\u00e1, es encontrado la ma\u00f1ana del mi\u00e9rcoles, 15 de marzo, en un parque del municipio de Pauna, provincia de Occidente en el departamento de Boyac\u00e1, donde se hab\u00eda desplazado para pasar un tiempo con su familia. Desde que hiciera p\u00fablica su [&hellip;]<\/p>\n","protected":false},"author":3,"featured_media":63556,"comment_status":"open","ping_status":"open","sticky":false,"template":"","format":"standard","meta":{"footnotes":""},"categories":[40,57],"tags":[],"class_list":["post-63555","post","type-post","status-publish","format-standard","has-post-thumbnail","hentry","category-internacionales","category-mundo-gay"],"_links":{"self":[{"href":"https:\/\/2horizontes.com\/index.php?rest_route=\/wp\/v2\/posts\/63555","targetHints":{"allow":["GET"]}}],"collection":[{"href":"https:\/\/2horizontes.com\/index.php?rest_route=\/wp\/v2\/posts"}],"about":[{"href":"https:\/\/2horizontes.com\/index.php?rest_route=\/wp\/v2\/types\/post"}],"author":[{"embeddable":true,"href":"https:\/\/2horizontes.com\/index.php?rest_route=\/wp\/v2\/users\/3"}],"replies":[{"embeddable":true,"href":"https:\/\/2horizontes.com\/index.php?rest_route=%2Fwp%2Fv2%2Fcomments&post=63555"}],"version-history":[{"count":1,"href":"https:\/\/2horizontes.com\/index.php?rest_route=\/wp\/v2\/posts\/63555\/revisions"}],"predecessor-version":[{"id":63557,"href":"https:\/\/2horizontes.com\/index.php?rest_route=\/wp\/v2\/posts\/63555\/revisions\/63557"}],"wp:featuredmedia":[{"embeddable":true,"href":"https:\/\/2horizontes.com\/index.php?rest_route=\/wp\/v2\/media\/63556"}],"wp:attachment":[{"href":"https:\/\/2horizontes.com\/index.php?rest_route=%2Fwp%2Fv2%2Fmedia&parent=63555"}],"wp:term":[{"taxonomy":"category","embeddable":true,"href":"https:\/\/2horizontes.com\/index.php?rest_route=%2Fwp%2Fv2%2Fcategories&post=63555"},{"taxonomy":"post_tag","embeddable":true,"href":"https:\/\/2horizontes.com\/index.php?rest_route=%2Fwp%2Fv2%2Ftags&post=63555"}],"curies":[{"name":"wp","href":"https:\/\/api.w.org\/{rel}","templated":true}]}}