{"id":63546,"date":"2017-03-16T11:53:57","date_gmt":"2017-03-16T10:53:57","guid":{"rendered":"http:\/\/2horizontes.com\/?p=63546"},"modified":"2017-03-16T11:54:43","modified_gmt":"2017-03-16T10:54:43","slug":"reik-conquista-a-espana","status":"publish","type":"post","link":"https:\/\/2horizontes.com\/?p=63546","title":{"rendered":"Reik conquista a Espa\u00f1a"},"content":{"rendered":"<p>Con m\u00e1s de 12 a\u00f1os de trayectoria, la banda mexicana de Pop-Latino Reik aterriz\u00f3 en Espa\u00f1a y espera que este pa\u00eds pueda ser la plataforma para llegar a otros sitios de Europa y del mundo.<\/p>\n<p>El grupo, compuesto por Jes\u00fas Alberto Navarro Rosas (voz principal), Julio Ram\u00edrez Egu\u00eda (guitarra ac\u00fastica y coros) y Gilberto \u201cBibi\u201d Mar\u00edn (guitarra el\u00e9ctrica), actu\u00f3 para sus fans en un concierto \u00edntimo en una sala de esta ciudad. Tras lanzar cinco \u00e1lbumes de estudio y dos en vivo, llegaron por primera vez a Espa\u00f1a para anunciar su primer concierto en este pa\u00eds para septiembre pr\u00f3ximo.<\/p>\n<p>Adem\u00e1s, en el marco del concierto, el presidente de Sony Music para Espa\u00f1a, Jos\u00e9 Mar\u00eda Barb\u00e1s, les entreg\u00f3 el primer doble disco de platino por las ventas de su single \u201cYa me enter\u00e9\u201d Reik estar\u00e1 tambi\u00e9n ma\u00f1ana en la XXI edici\u00f3n de los Premios Cadena Dial, que reconocen a\u00f1o tras a\u00f1o lo m\u00e1s relevante del panorama de la m\u00fasica en espa\u00f1ol a nivel mundial. La gala tendr\u00e1 lugar en Tenerife, Islas Canarias.<\/p>\n<p>Enentrevista con Notimex, Gilberto \u201cBibi\u201d Mar\u00edn, manifest\u00f3 que \u201cestamos felices de aterrizar en Espa\u00f1a y para nosotros no hay l\u00edmites, estaremos donde se pueda llegar\u201d. \u201cNosotros hacemos m\u00fasica para quien la quiera escuchar, y si de repente, por algunas caracter\u00edsticas nuestras canciones o nuestra m\u00fasica se limita a alguna regi\u00f3n, alg\u00fan tiempo, a alg\u00fan gusto, alg\u00fan sector, est\u00e1 perfecto, pero al mismo tiempo, buscamos lo m\u00e1s universal que pueda ser\u201d, dijo.<\/p>\n","protected":false},"excerpt":{"rendered":"<p>Con m\u00e1s de 12 a\u00f1os de trayectoria, la banda mexicana de Pop-Latino Reik aterriz\u00f3 en Espa\u00f1a y espera que este pa\u00eds pueda ser la plataforma para llegar a otros sitios de Europa y del mundo. El grupo, compuesto por Jes\u00fas Alberto Navarro Rosas (voz principal), Julio Ram\u00edrez Egu\u00eda (guitarra ac\u00fastica y coros) y Gilberto \u201cBibi\u201d [&hellip;]<\/p>\n","protected":false},"author":3,"featured_media":63549,"comment_status":"open","ping_status":"open","sticky":false,"template":"","format":"standard","meta":{"footnotes":""},"categories":[1,85],"tags":[],"class_list":["post-63546","post","type-post","status-publish","format-standard","has-post-thumbnail","hentry","category-entretenimiento","category-espana"],"_links":{"self":[{"href":"https:\/\/2horizontes.com\/index.php?rest_route=\/wp\/v2\/posts\/63546","targetHints":{"allow":["GET"]}}],"collection":[{"href":"https:\/\/2horizontes.com\/index.php?rest_route=\/wp\/v2\/posts"}],"about":[{"href":"https:\/\/2horizontes.com\/index.php?rest_route=\/wp\/v2\/types\/post"}],"author":[{"embeddable":true,"href":"https:\/\/2horizontes.com\/index.php?rest_route=\/wp\/v2\/users\/3"}],"replies":[{"embeddable":true,"href":"https:\/\/2horizontes.com\/index.php?rest_route=%2Fwp%2Fv2%2Fcomments&post=63546"}],"version-history":[{"count":2,"href":"https:\/\/2horizontes.com\/index.php?rest_route=\/wp\/v2\/posts\/63546\/revisions"}],"predecessor-version":[{"id":63551,"href":"https:\/\/2horizontes.com\/index.php?rest_route=\/wp\/v2\/posts\/63546\/revisions\/63551"}],"wp:featuredmedia":[{"embeddable":true,"href":"https:\/\/2horizontes.com\/index.php?rest_route=\/wp\/v2\/media\/63549"}],"wp:attachment":[{"href":"https:\/\/2horizontes.com\/index.php?rest_route=%2Fwp%2Fv2%2Fmedia&parent=63546"}],"wp:term":[{"taxonomy":"category","embeddable":true,"href":"https:\/\/2horizontes.com\/index.php?rest_route=%2Fwp%2Fv2%2Fcategories&post=63546"},{"taxonomy":"post_tag","embeddable":true,"href":"https:\/\/2horizontes.com\/index.php?rest_route=%2Fwp%2Fv2%2Ftags&post=63546"}],"curies":[{"name":"wp","href":"https:\/\/api.w.org\/{rel}","templated":true}]}}