{"id":63492,"date":"2017-03-14T10:37:03","date_gmt":"2017-03-14T09:37:03","guid":{"rendered":"http:\/\/2horizontes.com\/?p=63492"},"modified":"2017-03-14T10:37:03","modified_gmt":"2017-03-14T09:37:03","slug":"la-revolucion-de-francisco-cumple-cuatro-anos","status":"publish","type":"post","link":"https:\/\/2horizontes.com\/?p=63492","title":{"rendered":"La revoluci\u00f3n de Francisco cumple cuatro a\u00f1os"},"content":{"rendered":"<p>Pasaban cinco minutos de las siete de a tarde del 13 de marzo de 2013 y llov\u00eda en la plaza de San Pedro del Vaticano. E<a href=\"http:\/\/internacional.elpais.com\/internacional\/2013\/03\/12\/actualidad\/1363097315_964961.html\" target=\"_top\">l humo blanco asom\u00f3 por la chimenea \u2014el<em>comignolo<\/em>\u2014 y el cardenal Jean Louis Tauran anunci\u00f3 en lat\u00edn el nombre del nuevo pont\u00edfice. <\/a>No estaba en las principales quinielas, sali\u00f3 del quinto escrutinio y muchos no sab\u00edan ni de d\u00f3nde ven\u00eda.<\/p>\n<p>Erael Papa n\u00famero 266 que se sentar\u00eda en la silla de Pedro, pero el primero que llegaba desde el fin del mundo, como \u00e9l brome\u00f3 en sus primeras palabras. Un lugar,\u00a0 sin embargo, de donde proceden hoy el 49% de los fieles de una comunidad integrada por 1.300 millones de personas.<\/p>\n<p>Quienesle eligieron sab\u00edan que era el inicio de un pontificado revolucionario, urg\u00edan cambios en una Iglesia en crisis, salpicada por toda suerte de esc\u00e1ndalos. Vistas ahora algunas resistencias tras estos cuatro a\u00f1os, puede que no todos imaginasen el alcance de lo que aquel hombre ten\u00eda en la cabeza.<\/p>\n<div class=\"envoltorio_publi\"><\/div>\n","protected":false},"excerpt":{"rendered":"<p>Pasaban cinco minutos de las siete de a tarde del 13 de marzo de 2013 y llov\u00eda en la plaza de San Pedro del Vaticano. El humo blanco asom\u00f3 por la chimenea \u2014elcomignolo\u2014 y el cardenal Jean Louis Tauran anunci\u00f3 en lat\u00edn el nombre del nuevo pont\u00edfice. No estaba en las principales quinielas, sali\u00f3 del [&hellip;]<\/p>\n","protected":false},"author":3,"featured_media":63493,"comment_status":"open","ping_status":"open","sticky":false,"template":"","format":"standard","meta":{"footnotes":""},"categories":[40],"tags":[],"class_list":["post-63492","post","type-post","status-publish","format-standard","has-post-thumbnail","hentry","category-internacionales"],"_links":{"self":[{"href":"https:\/\/2horizontes.com\/index.php?rest_route=\/wp\/v2\/posts\/63492","targetHints":{"allow":["GET"]}}],"collection":[{"href":"https:\/\/2horizontes.com\/index.php?rest_route=\/wp\/v2\/posts"}],"about":[{"href":"https:\/\/2horizontes.com\/index.php?rest_route=\/wp\/v2\/types\/post"}],"author":[{"embeddable":true,"href":"https:\/\/2horizontes.com\/index.php?rest_route=\/wp\/v2\/users\/3"}],"replies":[{"embeddable":true,"href":"https:\/\/2horizontes.com\/index.php?rest_route=%2Fwp%2Fv2%2Fcomments&post=63492"}],"version-history":[{"count":1,"href":"https:\/\/2horizontes.com\/index.php?rest_route=\/wp\/v2\/posts\/63492\/revisions"}],"predecessor-version":[{"id":63494,"href":"https:\/\/2horizontes.com\/index.php?rest_route=\/wp\/v2\/posts\/63492\/revisions\/63494"}],"wp:featuredmedia":[{"embeddable":true,"href":"https:\/\/2horizontes.com\/index.php?rest_route=\/wp\/v2\/media\/63493"}],"wp:attachment":[{"href":"https:\/\/2horizontes.com\/index.php?rest_route=%2Fwp%2Fv2%2Fmedia&parent=63492"}],"wp:term":[{"taxonomy":"category","embeddable":true,"href":"https:\/\/2horizontes.com\/index.php?rest_route=%2Fwp%2Fv2%2Fcategories&post=63492"},{"taxonomy":"post_tag","embeddable":true,"href":"https:\/\/2horizontes.com\/index.php?rest_route=%2Fwp%2Fv2%2Ftags&post=63492"}],"curies":[{"name":"wp","href":"https:\/\/api.w.org\/{rel}","templated":true}]}}