{"id":6343,"date":"2015-05-08T20:30:30","date_gmt":"2015-05-08T19:30:30","guid":{"rendered":"http:\/\/2horizontes.com\/?p=6343"},"modified":"2015-05-08T20:30:30","modified_gmt":"2015-05-08T19:30:30","slug":"el-turismo-en-los-acuerdos-de-colaboracion-entre-mexico-y-haiti","status":"publish","type":"post","link":"https:\/\/2horizontes.com\/?p=6343","title":{"rendered":"El Turismo en los acuerdos de colaboraci\u00f3n entre M\u00e9xico y Hait\u00ed"},"content":{"rendered":"<p>M\u00e9xico. En el marco de los trabajos de la X Reuni\u00f3n del Foro Econ\u00f3mico Mundial sobre Am\u00e9rica Latina 2015, los presidentes de M\u00e9xico, Enrique Pe\u00f1a Nieto, y de Hait\u00ed, Michel Martelly, sostuvieron una reuni\u00f3n con el objetivo de revisar los principales temas de la agenda bilateral como cooperaci\u00f3n, asuntos econ\u00f3micos y temas regionales.<\/p>\n<p>Ambos mandatarios destacaron el apoyo brindado por M\u00e9xico a Hait\u00ed en el desarrollo de proyectos integrales de reconstrucci\u00f3n de \u00e1reas urbanas a trav\u00e9s del Fondo de Infraestructura para pa\u00edses de Mesoam\u00e9rica y el Caribe, as\u00ed como el programa de Becas. A trav\u00e9s de este programa, el Gobierno mexicano otorga 300 becas para nacionales haitianos para el periodo 2013-2015.<\/p>\n<p>El mandatario haitiano reconoci\u00f3 la ayuda de M\u00e9xico para la reconstrucci\u00f3n de ese pa\u00eds, tras el terremoto de 2010, y se congratul\u00f3 por la participaci\u00f3n de 2 miembros de las Fuerzas Armadas de M\u00e9xico en la Misi\u00f3n de Estabilizaci\u00f3n de las Naciones Unidas en Hait\u00ed (Minustah).<\/p>\n<p>Los mandatarios identificaron al turismo como un \u00e1rea de colaboraci\u00f3n, por lo que se comprometieron a intensificar las labores de promoci\u00f3n tur\u00edstica hacia ambos destinos, teniendo como marco el memor\u00e1ndum de entendimiento entre la Secretar\u00eda de Turismo y el Ministerio de Turismo haitiano, firmado en 2012.<\/p>\n<p>Los presidentes Pe\u00f1a-Martelly atestiguaron la firma del Acuerdo para la Promoci\u00f3n y Protecci\u00f3n Rec\u00edproca de Inversiones (APPRI) M\u00e9xico-Hait\u00ed. El documento fue suscrito por el secretario de Econom\u00eda, Ildefonso Guajardo Villarreal, y el ministro de Industria y Comercio de Hait\u00ed, Jude Hervey Day.<\/p>\n<p>Al respecto, los mandatarios coincidieron en la necesidad de emplear esquemas que permitan dinamizar el comercio y la inversi\u00f3n entre ambos pa\u00edses, motivo por el cual celebraron la firma del acuerdo. Este es el primer documento en su tipo que Hait\u00ed suscribe con un pa\u00eds de Am\u00e9rica Latina y el Caribe.<\/p>\n<p>Para M\u00e9xico y Hait\u00ed es prioritario lograr un mayor acercamiento econ\u00f3mico, motivo por el cual una misi\u00f3n empresarial mexicana visit\u00f3 Puerto Pr\u00edncipe el pasado 29 de abril. Se espera la participaci\u00f3n del sector empresarial haitiano en el Foro de Negocios Internacionales Gran Caribe, a celebrarse en Canc\u00fan, Quintana Roo, del 9 al 11 de septiembre de 2015.<\/p>\n","protected":false},"excerpt":{"rendered":"<p>M\u00e9xico. En el marco de los trabajos de la X Reuni\u00f3n del Foro Econ\u00f3mico Mundial sobre Am\u00e9rica Latina 2015, los presidentes de M\u00e9xico, Enrique Pe\u00f1a Nieto, y de Hait\u00ed, Michel Martelly, sostuvieron una reuni\u00f3n con el objetivo de revisar los principales temas de la agenda bilateral como cooperaci\u00f3n, asuntos econ\u00f3micos y temas regionales. Ambos mandatarios [&hellip;]<\/p>\n","protected":false},"author":7,"featured_media":6345,"comment_status":"open","ping_status":"open","sticky":false,"template":"","format":"standard","meta":{"footnotes":""},"categories":[47,40],"tags":[],"class_list":["post-6343","post","type-post","status-publish","format-standard","has-post-thumbnail","hentry","category-haiti","category-internacionales"],"_links":{"self":[{"href":"https:\/\/2horizontes.com\/index.php?rest_route=\/wp\/v2\/posts\/6343","targetHints":{"allow":["GET"]}}],"collection":[{"href":"https:\/\/2horizontes.com\/index.php?rest_route=\/wp\/v2\/posts"}],"about":[{"href":"https:\/\/2horizontes.com\/index.php?rest_route=\/wp\/v2\/types\/post"}],"author":[{"embeddable":true,"href":"https:\/\/2horizontes.com\/index.php?rest_route=\/wp\/v2\/users\/7"}],"replies":[{"embeddable":true,"href":"https:\/\/2horizontes.com\/index.php?rest_route=%2Fwp%2Fv2%2Fcomments&post=6343"}],"version-history":[{"count":1,"href":"https:\/\/2horizontes.com\/index.php?rest_route=\/wp\/v2\/posts\/6343\/revisions"}],"predecessor-version":[{"id":6346,"href":"https:\/\/2horizontes.com\/index.php?rest_route=\/wp\/v2\/posts\/6343\/revisions\/6346"}],"wp:featuredmedia":[{"embeddable":true,"href":"https:\/\/2horizontes.com\/index.php?rest_route=\/wp\/v2\/media\/6345"}],"wp:attachment":[{"href":"https:\/\/2horizontes.com\/index.php?rest_route=%2Fwp%2Fv2%2Fmedia&parent=6343"}],"wp:term":[{"taxonomy":"category","embeddable":true,"href":"https:\/\/2horizontes.com\/index.php?rest_route=%2Fwp%2Fv2%2Fcategories&post=6343"},{"taxonomy":"post_tag","embeddable":true,"href":"https:\/\/2horizontes.com\/index.php?rest_route=%2Fwp%2Fv2%2Ftags&post=6343"}],"curies":[{"name":"wp","href":"https:\/\/api.w.org\/{rel}","templated":true}]}}