{"id":63402,"date":"2017-03-09T11:49:49","date_gmt":"2017-03-09T10:49:49","guid":{"rendered":"http:\/\/2horizontes.com\/?p=63402"},"modified":"2017-03-09T11:49:49","modified_gmt":"2017-03-09T10:49:49","slug":"un-tribunal-argentino-obliga-a-crear-un-area-exclusiva-para-reclusos-trans-en-una-prision","status":"publish","type":"post","link":"https:\/\/2horizontes.com\/?p=63402","title":{"rendered":"Un tribunal argentino obliga a crear un \u00e1rea exclusiva para reclusos trans en una prisi\u00f3n"},"content":{"rendered":"<p>Un juez argentino <a href=\"http:\/\/agenciapresentes.org\/2017\/03\/06\/ofallo-historico-habra-un-pabellon-exclusivo-para-mujeres-trans-y-travestis-detenidas\/\" target=\"_blank\">ha emitido una sentencia<\/a> que <strong>obliga a un centro penitenciario del pa\u00eds latinoamericano a crear un \u00e1rea exclusiva para los reclusos transexuales y travestis<\/strong>, con el objetivo de proteger a los mismos de la discriminaci\u00f3n, el acoso y la violencia a la que se enfrentan en la citada c\u00e1rcel por los prejuicios hacia su identidad de g\u00e9nero.<\/p>\n<p>Diego Ag\u00fcero, juez del Tribunal de Garant\u00edas n\u00famero 6 de la localidad de Quilmes, ha emitido una sentencia en la que obliga al Servicio Penitenciario de Buenos Aires a crear un pabell\u00f3n en la c\u00e1rcel de Florencio Varela<strong> destinado en exclusiva a reclusos transexuales y travestis.<\/strong><\/p>\n<p>El juez argentino ha sido tajante en su resoluci\u00f3n. En la sentencia <strong>ha recogido que su orden de implementar un pabell\u00f3n para reclusos trans debe cumplirse en el plazo m\u00e1ximo e improrrogable de 20 d\u00edas,<\/strong> exigiendo a las autoridades carcelarias que respeten los derechos de los reclusos trans, de conformidad con la Ley 26.743, la cual establece, entre otras cosas, que debe reconocerse y respetarse la identidad de g\u00e9nero de la personas transexuales.<\/p>\n","protected":false},"excerpt":{"rendered":"<p>Un juez argentino ha emitido una sentencia que obliga a un centro penitenciario del pa\u00eds latinoamericano a crear un \u00e1rea exclusiva para los reclusos transexuales y travestis, con el objetivo de proteger a los mismos de la discriminaci\u00f3n, el acoso y la violencia a la que se enfrentan en la citada c\u00e1rcel por los prejuicios [&hellip;]<\/p>\n","protected":false},"author":3,"featured_media":63403,"comment_status":"open","ping_status":"open","sticky":false,"template":"","format":"standard","meta":{"footnotes":""},"categories":[40,57],"tags":[],"class_list":["post-63402","post","type-post","status-publish","format-standard","has-post-thumbnail","hentry","category-internacionales","category-mundo-gay"],"_links":{"self":[{"href":"https:\/\/2horizontes.com\/index.php?rest_route=\/wp\/v2\/posts\/63402","targetHints":{"allow":["GET"]}}],"collection":[{"href":"https:\/\/2horizontes.com\/index.php?rest_route=\/wp\/v2\/posts"}],"about":[{"href":"https:\/\/2horizontes.com\/index.php?rest_route=\/wp\/v2\/types\/post"}],"author":[{"embeddable":true,"href":"https:\/\/2horizontes.com\/index.php?rest_route=\/wp\/v2\/users\/3"}],"replies":[{"embeddable":true,"href":"https:\/\/2horizontes.com\/index.php?rest_route=%2Fwp%2Fv2%2Fcomments&post=63402"}],"version-history":[{"count":1,"href":"https:\/\/2horizontes.com\/index.php?rest_route=\/wp\/v2\/posts\/63402\/revisions"}],"predecessor-version":[{"id":63404,"href":"https:\/\/2horizontes.com\/index.php?rest_route=\/wp\/v2\/posts\/63402\/revisions\/63404"}],"wp:featuredmedia":[{"embeddable":true,"href":"https:\/\/2horizontes.com\/index.php?rest_route=\/wp\/v2\/media\/63403"}],"wp:attachment":[{"href":"https:\/\/2horizontes.com\/index.php?rest_route=%2Fwp%2Fv2%2Fmedia&parent=63402"}],"wp:term":[{"taxonomy":"category","embeddable":true,"href":"https:\/\/2horizontes.com\/index.php?rest_route=%2Fwp%2Fv2%2Fcategories&post=63402"},{"taxonomy":"post_tag","embeddable":true,"href":"https:\/\/2horizontes.com\/index.php?rest_route=%2Fwp%2Fv2%2Ftags&post=63402"}],"curies":[{"name":"wp","href":"https:\/\/api.w.org\/{rel}","templated":true}]}}