{"id":63356,"date":"2017-03-07T12:07:17","date_gmt":"2017-03-07T11:07:17","guid":{"rendered":"http:\/\/2horizontes.com\/?p=63356"},"modified":"2017-03-07T12:07:17","modified_gmt":"2017-03-07T11:07:17","slug":"un-seismo-de-44-grados-sacude-el-centro-de-suiza","status":"publish","type":"post","link":"https:\/\/2horizontes.com\/?p=63356","title":{"rendered":"Un se\u00edsmo de 4,4 grados sacude el centro de Suiza"},"content":{"rendered":"<p>Un se\u00edsmo de <b>4,4 grados <\/b>en la escala abierta de Richter ha sacudido este lunes el <b>centro de Suiza<\/b>, aunque hasta el momento no se ha informado de v\u00edctimas ni da\u00f1os. El Servicio de Se\u00edsmos de Suiza, de la Universidad Polit\u00e9cnica de Z\u00farich, ha indicado que el terremoto ha ocurrido sobre las 20.12 GMT en el cant\u00f3n helv\u00e9tico de <b>Schwyz<\/b>, en la Suiza central, y se ha sentido en varias regiones del pa\u00eds.<\/p>\n<ul>\n<li>Un portavoz de la Polic\u00eda cantonal de Schwyz ha indicado a la agencia suiza ATS que los agentes han recibido entre 20 y 30 llamadas de ciudadanos preocupados, pero de momento no han recibido informaciones sobre da\u00f1os materiales a causa de la sacudida. En el vecino cant\u00f3n de Glaris, la Polic\u00eda ha recibido una decena de llamadas, igualmente sin alertar de da\u00f1os<\/li>\n<\/ul>\n","protected":false},"excerpt":{"rendered":"<p>Un se\u00edsmo de 4,4 grados en la escala abierta de Richter ha sacudido este lunes el centro de Suiza, aunque hasta el momento no se ha informado de v\u00edctimas ni da\u00f1os. El Servicio de Se\u00edsmos de Suiza, de la Universidad Polit\u00e9cnica de Z\u00farich, ha indicado que el terremoto ha ocurrido sobre las 20.12 GMT en [&hellip;]<\/p>\n","protected":false},"author":3,"featured_media":63357,"comment_status":"open","ping_status":"open","sticky":false,"template":"","format":"standard","meta":{"footnotes":""},"categories":[40],"tags":[],"class_list":["post-63356","post","type-post","status-publish","format-standard","has-post-thumbnail","hentry","category-internacionales"],"_links":{"self":[{"href":"https:\/\/2horizontes.com\/index.php?rest_route=\/wp\/v2\/posts\/63356","targetHints":{"allow":["GET"]}}],"collection":[{"href":"https:\/\/2horizontes.com\/index.php?rest_route=\/wp\/v2\/posts"}],"about":[{"href":"https:\/\/2horizontes.com\/index.php?rest_route=\/wp\/v2\/types\/post"}],"author":[{"embeddable":true,"href":"https:\/\/2horizontes.com\/index.php?rest_route=\/wp\/v2\/users\/3"}],"replies":[{"embeddable":true,"href":"https:\/\/2horizontes.com\/index.php?rest_route=%2Fwp%2Fv2%2Fcomments&post=63356"}],"version-history":[{"count":1,"href":"https:\/\/2horizontes.com\/index.php?rest_route=\/wp\/v2\/posts\/63356\/revisions"}],"predecessor-version":[{"id":63358,"href":"https:\/\/2horizontes.com\/index.php?rest_route=\/wp\/v2\/posts\/63356\/revisions\/63358"}],"wp:featuredmedia":[{"embeddable":true,"href":"https:\/\/2horizontes.com\/index.php?rest_route=\/wp\/v2\/media\/63357"}],"wp:attachment":[{"href":"https:\/\/2horizontes.com\/index.php?rest_route=%2Fwp%2Fv2%2Fmedia&parent=63356"}],"wp:term":[{"taxonomy":"category","embeddable":true,"href":"https:\/\/2horizontes.com\/index.php?rest_route=%2Fwp%2Fv2%2Fcategories&post=63356"},{"taxonomy":"post_tag","embeddable":true,"href":"https:\/\/2horizontes.com\/index.php?rest_route=%2Fwp%2Fv2%2Ftags&post=63356"}],"curies":[{"name":"wp","href":"https:\/\/api.w.org\/{rel}","templated":true}]}}